{"id":268,"date":"2016-04-03T12:00:30","date_gmt":"2016-04-03T12:00:30","guid":{"rendered":"http:\/\/waldkindergarten-berglen.de\/?p=268"},"modified":"2016-04-03T12:00:30","modified_gmt":"2016-04-03T12:00:30","slug":"naturschutz-und-naturerlebnisse-im-kottweiler-wald","status":"publish","type":"post","link":"https:\/\/waldkindergarten-berglen.de\/?p=268","title":{"rendered":"Naturschutz und Naturerlebnisse im Kottweiler Wald"},"content":{"rendered":"<p>An der diesj\u00e4hrigen Kreisputztete nahmen auch einige Waldeltern f\u00fcr unseren Verein teil.<\/p>\n<p>Mit tatkr\u00e4ftiger Unterst\u00fctzung ihrer Kinder suchten sie ein gr\u00f6\u00dferes Gebiet rund um den Kottweiler Spielplatz nach Abf\u00e4llen ab.<\/p>\n<p>Neben achtlos hinterlassen Plastikflaschen und Zigarettenstummeln, kam auch illegal entsorgter M\u00fcll, wie z.B. ein Autoreifen und K\u00fchlschrankteile, zutage.<\/p>\n<figure id=\"attachment_269\" aria-describedby=\"caption-attachment-269\" style=\"width: 460px\" class=\"wp-caption alignnone\"><img loading=\"lazy\" decoding=\"async\" class=\"size-full wp-image-269\" src=\"http:\/\/waldkindergarten-berglen.de\/wp-content\/uploads\/2016\/06\/1045-1-1.jpg\" alt=\"Startklar zur Kreisputzete\" width=\"460\" height=\"345\" \/><figcaption id=\"caption-attachment-269\" class=\"wp-caption-text\">Startklar zur Kreisputzete<\/figcaption><\/figure>\n<p>Der achtsame Umgang mit dem Wald und der Natur ist ein wichtiges Anliegen des Waldkindergartens.<\/p>\n<p>Im Wald lernen unsere Waldkinder die lebendige Natur intensiv kennen und lieben: sie beobachten Schnecken und K\u00e4fer, besch\u00e4ftigen sich mit Wasserl\u00e4ufen und B\u00e4chen und entdecken, wie sich die Pflanzenwelt im Lauf der Jahreszeiten ver\u00e4ndert.\u00a0 Auf diese Weise erleben sie unsere wundersch\u00f6ne Natur mit allen Sinnen. Dabei achten die Erzieherinnen und Kinder selbstverst\u00e4ndlich darauf, dass Pflanzen und Tiere respektvoll behandelt werden.<\/p>\n<p>Die Waldkinder basteln und werkeln mit Naturmaterialien und es wird von vorneherein auf M\u00fcllvermeidung geachtet.<\/p>\n<p>Sollte doch einmal etwas Abfall anfallen, wie z.B. Papiertaschent\u00fccher, so wird dieser in den Rucksack gepackt und zuhause ordnungsgem\u00e4\u00df entsorgt.<\/p>\n<p>So werden Wald und Natur zum erlebnisreichen Lernort f\u00fcr umweltbewusstes und r\u00fccksichtsvolles Verhalten.<\/p>\n<p><em>Wussten Sie schon?<br \/>\n<\/em><em>Dass Schnecken mit nicht arttypischer, spiegelbildlicher Windungsrichtung des Schneckenhauses als \u00abSchneckenk\u00f6nig\u00bb bezeichnet werden?<\/em><\/p>\n","protected":false},"excerpt":{"rendered":"<p>An der diesj\u00e4hrigen Kreisputztete nahmen auch einige Waldeltern f\u00fcr unseren Verein teil. Mit tatkr\u00e4ftiger Unterst\u00fctzung ihrer Kinder suchten sie ein gr\u00f6\u00dferes Gebiet rund um den Kottweiler Spielplatz nach Abf\u00e4llen ab. Neben achtlos hinterlassen Plastikflaschen und Zigarettenstummeln, kam auch illegal entsorgter M\u00fcll, wie z.B. ein Autoreifen und K\u00fchlschrankteile, zutage. Der achtsame Umgang mit dem Wald und&hellip; <a href=\"https:\/\/waldkindergarten-berglen.de\/?p=268\" class=\"more-link\">Weiterlesen <span class=\"screen-reader-text\">Naturschutz und Naturerlebnisse im Kottweiler Wald<\/span><\/a><\/p>\n","protected":false},"author":1,"featured_media":0,"comment_status":"closed","ping_status":"closed","sticky":false,"template":"","format":"standard","meta":{"ngg_post_thumbnail":0,"_jetpack_memberships_contains_paid_content":false,"footnotes":""},"categories":[3],"tags":[],"class_list":["post-268","post","type-post","status-publish","format-standard","hentry","category-berichte"],"jetpack_featured_media_url":"","jetpack_sharing_enabled":true,"_links":{"self":[{"href":"https:\/\/waldkindergarten-berglen.de\/index.php?rest_route=\/wp\/v2\/posts\/268","targetHints":{"allow":["GET"]}}],"collection":[{"href":"https:\/\/waldkindergarten-berglen.de\/index.php?rest_route=\/wp\/v2\/posts"}],"about":[{"href":"https:\/\/waldkindergarten-berglen.de\/index.php?rest_route=\/wp\/v2\/types\/post"}],"author":[{"embeddable":true,"href":"https:\/\/waldkindergarten-berglen.de\/index.php?rest_route=\/wp\/v2\/users\/1"}],"replies":[{"embeddable":true,"href":"https:\/\/waldkindergarten-berglen.de\/index.php?rest_route=%2Fwp%2Fv2%2Fcomments&post=268"}],"version-history":[{"count":0,"href":"https:\/\/waldkindergarten-berglen.de\/index.php?rest_route=\/wp\/v2\/posts\/268\/revisions"}],"wp:attachment":[{"href":"https:\/\/waldkindergarten-berglen.de\/index.php?rest_route=%2Fwp%2Fv2%2Fmedia&parent=268"}],"wp:term":[{"taxonomy":"category","embeddable":true,"href":"https:\/\/waldkindergarten-berglen.de\/index.php?rest_route=%2Fwp%2Fv2%2Fcategories&post=268"},{"taxonomy":"post_tag","embeddable":true,"href":"https:\/\/waldkindergarten-berglen.de\/index.php?rest_route=%2Fwp%2Fv2%2Ftags&post=268"}],"curies":[{"name":"wp","href":"https:\/\/api.w.org\/{rel}","templated":true}]}}