{"id":271,"date":"2016-03-21T12:00:41","date_gmt":"2016-03-21T12:00:41","guid":{"rendered":"http:\/\/waldkindergarten-berglen.de\/?p=271"},"modified":"2016-03-21T12:00:41","modified_gmt":"2016-03-21T12:00:41","slug":"das-grosse-osterfest-im-wald","status":"publish","type":"post","link":"https:\/\/waldkindergarten-berglen.de\/?p=271","title":{"rendered":"Das gro\u00dfe Osterfest im Wald"},"content":{"rendered":"<p>Schon lange liegt gro\u00dfe Ostervorfreude in der Waldluft.<br \/>\nDie nutzten die Waldkinder, um alles f\u00fcr das gro\u00dfe Osterfest vorzubereiten.<br \/>\nSo kneteten sich jedes Waldkind seinen eigenen Osterhasen,<\/p>\n<figure id=\"attachment_272\" aria-describedby=\"caption-attachment-272\" style=\"width: 345px\" class=\"wp-caption alignnone\"><img loading=\"lazy\" decoding=\"async\" class=\"size-full wp-image-272\" src=\"http:\/\/waldkindergarten-berglen.de\/wp-content\/uploads\/2016\/06\/1042-1-1.jpg\" alt=\"So stelle ich mir einen Osterhase vor\" width=\"345\" height=\"460\" \/><figcaption id=\"caption-attachment-272\" class=\"wp-caption-text\">So stelle ich mir einen Osterhase vor<\/figcaption><\/figure>\n<p>flechtete sich sehr geschickt ein kleines Osternest aus feinem Reisig und f\u00e4rbten gemeinsam Eier mit Zwiebelschalen!<\/p>\n<p>Als letzte und wichtigste Vorbereitung gingen die Wichtel und Zwerge zum Osterplatz, wo sich jedes Kind einen Lieblingsplatz f\u00fcr sein Osternest suchen durfte.<\/p>\n<p>Damit das Osternest auch vor der Witterung gesch\u00fctzt ist, konstruierten selbst die Kleinsten mit sehr viel Kreativit\u00e4t ein kleines H\u00e4uschen aus den Materialien, die der Wald f\u00fcr sie bereit h\u00e4lt.<\/p>\n<p>Dort hinein stellten sie Ihre Osternester, damit der Osterhase sie f\u00fcllen kann.<\/p>\n<p>Dann endlich war der Tag des gro\u00dfen Osterfests gekommen!<br \/>\nDie Freude war sehr gro\u00df und direkt nach dem Morgenkreis ging es dann auch direkt mit einem Eierwettlauf los!<\/p>\n<figure id=\"attachment_273\" aria-describedby=\"caption-attachment-273\" style=\"width: 460px\" class=\"wp-caption alignnone\"><img loading=\"lazy\" decoding=\"async\" class=\"size-full wp-image-273\" src=\"http:\/\/waldkindergarten-berglen.de\/wp-content\/uploads\/2016\/06\/1043-1-1.jpg\" alt=\"Und los geht der Eierlauf\" width=\"460\" height=\"345\" \/><figcaption id=\"caption-attachment-273\" class=\"wp-caption-text\">Und los geht der Eierlauf<\/figcaption><\/figure>\n<p>Anschlie\u00dfend hatten sie gro\u00dfen Spa\u00df beim Eier- Boggia!<\/p>\n<p>So viel Spa\u00df macht Appetit und das liebevoll von den Eltern zubereitete Buffet wartete auch schon auf die hungrigen B\u00e4uche.<\/p>\n<p>Mit Wurst- und K\u00e4sebr\u00f6tchen, Rohkoststicks mit Dips, gekochten Eiern und Hefekranz st\u00e4rkten sich alle f\u00fcr den Gang zum Osterplatz, wo jedes Waldkind sein gef\u00fclltes Osternest an seinem Osterh\u00e4uschen vorfand.<\/p>\n<figure id=\"attachment_274\" aria-describedby=\"caption-attachment-274\" style=\"width: 460px\" class=\"wp-caption alignnone\"><img loading=\"lazy\" decoding=\"async\" class=\"size-full wp-image-274\" src=\"http:\/\/waldkindergarten-berglen.de\/wp-content\/uploads\/2016\/06\/1044-1-1.jpg\" alt=\"Der Osterhase hat die Nester reich gef\u00fcllt\" width=\"460\" height=\"345\" \/><figcaption id=\"caption-attachment-274\" class=\"wp-caption-text\">Der Osterhase hat die Nester reich gef\u00fcllt<\/figcaption><\/figure>\n<p><strong>Vielen herzlichen Dank an unsere Erzieherinnen und Drittkr\u00e4fte f\u00fcr die tollen Aktionen vor und w\u00e4hrend des Osterfests!<\/strong><\/p>\n<p><strong>Und ein gro\u00dfes Dankesch\u00f6n an all unsere Eltern, die mit viel Liebe ein buntes und oberleckeres Osterbuffet gezaubert haben!<\/strong><\/p>\n<p><em>Wussten Sie schon?<br \/>\n<\/em><em>Dass um 1900 der Fuchs als alleiniger Eierbringer feststand und die mit Eierschalen braun gef\u00e4rbten Eier Fuchseier genannt wurden?<\/em><\/p>\n","protected":false},"excerpt":{"rendered":"<p>Schon lange liegt gro\u00dfe Ostervorfreude in der Waldluft. Die nutzten die Waldkinder, um alles f\u00fcr das gro\u00dfe Osterfest vorzubereiten. So kneteten sich jedes Waldkind seinen eigenen Osterhasen, flechtete sich sehr geschickt ein kleines Osternest aus feinem Reisig und f\u00e4rbten gemeinsam Eier mit Zwiebelschalen! Als letzte und wichtigste Vorbereitung gingen die Wichtel und Zwerge zum Osterplatz,&hellip; <a href=\"https:\/\/waldkindergarten-berglen.de\/?p=271\" class=\"more-link\">Weiterlesen <span class=\"screen-reader-text\">Das gro\u00dfe Osterfest im Wald<\/span><\/a><\/p>\n","protected":false},"author":1,"featured_media":0,"comment_status":"closed","ping_status":"closed","sticky":false,"template":"","format":"standard","meta":{"ngg_post_thumbnail":0,"_jetpack_memberships_contains_paid_content":false,"footnotes":""},"categories":[3],"tags":[],"class_list":["post-271","post","type-post","status-publish","format-standard","hentry","category-berichte"],"jetpack_featured_media_url":"","jetpack_sharing_enabled":true,"_links":{"self":[{"href":"https:\/\/waldkindergarten-berglen.de\/index.php?rest_route=\/wp\/v2\/posts\/271","targetHints":{"allow":["GET"]}}],"collection":[{"href":"https:\/\/waldkindergarten-berglen.de\/index.php?rest_route=\/wp\/v2\/posts"}],"about":[{"href":"https:\/\/waldkindergarten-berglen.de\/index.php?rest_route=\/wp\/v2\/types\/post"}],"author":[{"embeddable":true,"href":"https:\/\/waldkindergarten-berglen.de\/index.php?rest_route=\/wp\/v2\/users\/1"}],"replies":[{"embeddable":true,"href":"https:\/\/waldkindergarten-berglen.de\/index.php?rest_route=%2Fwp%2Fv2%2Fcomments&post=271"}],"version-history":[{"count":0,"href":"https:\/\/waldkindergarten-berglen.de\/index.php?rest_route=\/wp\/v2\/posts\/271\/revisions"}],"wp:attachment":[{"href":"https:\/\/waldkindergarten-berglen.de\/index.php?rest_route=%2Fwp%2Fv2%2Fmedia&parent=271"}],"wp:term":[{"taxonomy":"category","embeddable":true,"href":"https:\/\/waldkindergarten-berglen.de\/index.php?rest_route=%2Fwp%2Fv2%2Fcategories&post=271"},{"taxonomy":"post_tag","embeddable":true,"href":"https:\/\/waldkindergarten-berglen.de\/index.php?rest_route=%2Fwp%2Fv2%2Ftags&post=271"}],"curies":[{"name":"wp","href":"https:\/\/api.w.org\/{rel}","templated":true}]}}