{"id":288,"date":"2016-02-22T12:00:50","date_gmt":"2016-02-22T12:00:50","guid":{"rendered":"http:\/\/waldkindergarten-berglen.de\/?p=288"},"modified":"2016-02-22T12:00:50","modified_gmt":"2016-02-22T12:00:50","slug":"es-ist-spielezeit","status":"publish","type":"post","link":"https:\/\/waldkindergarten-berglen.de\/?p=288","title":{"rendered":"Es ist Spielezeit"},"content":{"rendered":"<p>Nun nachdem der Fasching mit all den Vorbereitungen hinter uns liegt, ist wieder viel mehr Zeit f\u00fcr Dinge, die in den letzten Wochen zur\u00fcckstehen mussten.<\/p>\n<p>Dazu z\u00e4hlen zum Beispiel die beliebten Kreisspiele!<br \/>\nDie Waldkinder h\u00fcpften und kreischten vor Freude, als sie erfuhren, dass \u201eMein rechter Platz\u201c, \u201eDer Plumpsack geht um\u201c, \u201eHasen, Hasen wo seid ihr\u201c oder eines der vielen anderen Kreisspiele wieder an der Reihe sind!<\/p>\n<p>Diese Spiele machen,vor allem im Freien, nicht nur sehr viel Spa\u00df, sondern f\u00f6rdern auch Aufmerksamkeit, Konzentration, Schnelligkeit und Reaktionsverm\u00f6gen!<\/p>\n<p>Deshalb geben wir diesem Spielspa\u00df derzeit viel Raum in unserem Waldkindergartenvormittag!<\/p>\n<h4>Unser Wald ist wieder freigegeben<\/h4>\n<p>Nach den umfangreichen Waldarbeiten ist unser Wald nun wieder freigegeben und wir freuen uns sehr, nun wieder t\u00e4glich unsere gewohnten Waldpl\u00e4tze besuchen zu k\u00f6nnen!<\/p>\n<p><em>Wussten Sie schon?<br \/>\n<\/em><em>Dass im Zuge der Holznutzung in Deutschland j\u00e4hrlich ca. 4 Mio. m\u00b3 Rinde anf\u00e4llt?<\/em><\/p>\n","protected":false},"excerpt":{"rendered":"<p>Nun nachdem der Fasching mit all den Vorbereitungen hinter uns liegt, ist wieder viel mehr Zeit f\u00fcr Dinge, die in den letzten Wochen zur\u00fcckstehen mussten. Dazu z\u00e4hlen zum Beispiel die beliebten Kreisspiele! Die Waldkinder h\u00fcpften und kreischten vor Freude, als sie erfuhren, dass \u201eMein rechter Platz\u201c, \u201eDer Plumpsack geht um\u201c, \u201eHasen, Hasen wo seid ihr\u201c&hellip; <a href=\"https:\/\/waldkindergarten-berglen.de\/?p=288\" class=\"more-link\">Weiterlesen <span class=\"screen-reader-text\">Es ist Spielezeit<\/span><\/a><\/p>\n","protected":false},"author":1,"featured_media":0,"comment_status":"closed","ping_status":"closed","sticky":false,"template":"","format":"standard","meta":{"ngg_post_thumbnail":0,"_jetpack_memberships_contains_paid_content":false,"footnotes":""},"categories":[3],"tags":[],"class_list":["post-288","post","type-post","status-publish","format-standard","hentry","category-berichte"],"jetpack_featured_media_url":"","jetpack_sharing_enabled":true,"_links":{"self":[{"href":"https:\/\/waldkindergarten-berglen.de\/index.php?rest_route=\/wp\/v2\/posts\/288","targetHints":{"allow":["GET"]}}],"collection":[{"href":"https:\/\/waldkindergarten-berglen.de\/index.php?rest_route=\/wp\/v2\/posts"}],"about":[{"href":"https:\/\/waldkindergarten-berglen.de\/index.php?rest_route=\/wp\/v2\/types\/post"}],"author":[{"embeddable":true,"href":"https:\/\/waldkindergarten-berglen.de\/index.php?rest_route=\/wp\/v2\/users\/1"}],"replies":[{"embeddable":true,"href":"https:\/\/waldkindergarten-berglen.de\/index.php?rest_route=%2Fwp%2Fv2%2Fcomments&post=288"}],"version-history":[{"count":0,"href":"https:\/\/waldkindergarten-berglen.de\/index.php?rest_route=\/wp\/v2\/posts\/288\/revisions"}],"wp:attachment":[{"href":"https:\/\/waldkindergarten-berglen.de\/index.php?rest_route=%2Fwp%2Fv2%2Fmedia&parent=288"}],"wp:term":[{"taxonomy":"category","embeddable":true,"href":"https:\/\/waldkindergarten-berglen.de\/index.php?rest_route=%2Fwp%2Fv2%2Fcategories&post=288"},{"taxonomy":"post_tag","embeddable":true,"href":"https:\/\/waldkindergarten-berglen.de\/index.php?rest_route=%2Fwp%2Fv2%2Ftags&post=288"}],"curies":[{"name":"wp","href":"https:\/\/api.w.org\/{rel}","templated":true}]}}