{"id":3166,"date":"2016-11-21T08:05:12","date_gmt":"2016-11-21T08:05:12","guid":{"rendered":"http:\/\/waldkindergarten-berglen.de\/?p=3166"},"modified":"2016-11-21T08:05:12","modified_gmt":"2016-11-21T08:05:12","slug":"von-kaesemaeusen-floeten-und-riesenvoegeln-%e2%88%92-bildergeschichten-befluegeln-die-phantasie","status":"publish","type":"post","link":"https:\/\/waldkindergarten-berglen.de\/?p=3166","title":{"rendered":"Von K\u00e4sem\u00e4usen, Fl\u00f6ten und Riesenv\u00f6geln \u2212 Bildergeschichten befl\u00fcgeln die Phantasie"},"content":{"rendered":"<p>Da den Kindern im Waldkindergarten die Bilderbuchgeschichte der Maus Frederick und die verschiedenen Aktionen zu diesem Thema in den letzten Wochen so gut gefallen haben, erz\u00e4hlten die Erzieherinnen noch zwei weitere M\u00e4usegeschichten des Autors Leo Lionni.<\/p>\n<p>Da war zum einen die Geschichte Geraldine und die M\u00e4usefl\u00f6te, in der die Maus Geraldine von einer riesigen Maus aus K\u00e4se lernt, wundersch\u00f6ne Fl\u00f6tenmusik zu machen.<\/p>\n<p>Spannend war auch die Geschichte Nicolas wo warst du? in der M\u00e4userich Nicolas von einem Riesenvogel entf\u00fchrt, aber in einem Nest durch eine Vogelfamilie Rettung und F\u00fcrsorge findet. So kann er seinen M\u00e4usefreunden eine wichtige Botschaft \u00fcberbringen: \u201eWegen eines b\u00f6sen Vogels sind nicht gleich alle b\u00f6se\u201c.<\/p>\n<p>Die originellen Geschichten mit ihren tollen, eindrucksvollen Illustrationen befl\u00fcgelten die Phantasie der Kinder und f\u00fchrten dazu, dass sie hierzu Bilder mit selbst gesammelten und gepressten Bl\u00e4ttern gestalteten und einige Kinder sogar weitere selbst erfundene M\u00e4usegeschichten zu Papier brachten.<\/p>\n<figure id=\"attachment_3167\" aria-describedby=\"caption-attachment-3167\" style=\"width: 300px\" class=\"wp-caption alignnone\"><img loading=\"lazy\" decoding=\"async\" class=\"size-medium wp-image-3167\" src=\"http:\/\/waldkindergarten-berglen.de\/wp-content\/uploads\/2016\/11\/M\u00e4usebilder-1-300x225.jpg\" alt=\"M\u00e4usebilder\" width=\"300\" height=\"225\" srcset=\"https:\/\/waldkindergarten-berglen.de\/wp-content\/uploads\/2016\/11\/M\u00e4usebilder-1-300x225.jpg 300w, https:\/\/waldkindergarten-berglen.de\/wp-content\/uploads\/2016\/11\/M\u00e4usebilder-1-1024x768.jpg 1024w, https:\/\/waldkindergarten-berglen.de\/wp-content\/uploads\/2016\/11\/M\u00e4usebilder-1-768x576.jpg 768w, https:\/\/waldkindergarten-berglen.de\/wp-content\/uploads\/2016\/11\/M\u00e4usebilder-1-1536x1152.jpg 1536w, https:\/\/waldkindergarten-berglen.de\/wp-content\/uploads\/2016\/11\/M\u00e4usebilder-1-2048x1536.jpg 2048w, https:\/\/waldkindergarten-berglen.de\/wp-content\/uploads\/2016\/11\/M\u00e4usebilder-1-1200x900.jpg 1200w, https:\/\/waldkindergarten-berglen.de\/wp-content\/uploads\/2016\/11\/M\u00e4usebilder-1-1980x1485.jpg 1980w\" sizes=\"auto, (max-width: 300px) 100vw, 300px\" \/><figcaption id=\"caption-attachment-3167\" class=\"wp-caption-text\"><em>M\u00e4usebilder<\/em><\/figcaption><\/figure>\n<p><em>Wussten Sie schon?<\/em><\/p>\n<p><em>Dass Raben lebenslang mit dem gleichen Partner zusammenleben?<\/em><\/p>\n","protected":false},"excerpt":{"rendered":"<p>Da den Kindern im Waldkindergarten die Bilderbuchgeschichte der Maus Frederick und die verschiedenen Aktionen zu diesem Thema in den letzten Wochen so gut gefallen haben, erz\u00e4hlten die Erzieherinnen noch zwei weitere M\u00e4usegeschichten des Autors Leo Lionni. Da war zum einen die Geschichte Geraldine und die M\u00e4usefl\u00f6te, in der die Maus Geraldine von einer riesigen Maus&hellip; <a href=\"https:\/\/waldkindergarten-berglen.de\/?p=3166\" class=\"more-link\">Weiterlesen <span class=\"screen-reader-text\">Von K\u00e4sem\u00e4usen, Fl\u00f6ten und Riesenv\u00f6geln \u2212 Bildergeschichten befl\u00fcgeln die Phantasie<\/span><\/a><\/p>\n","protected":false},"author":1,"featured_media":3167,"comment_status":"closed","ping_status":"closed","sticky":false,"template":"","format":"standard","meta":{"ngg_post_thumbnail":0,"_jetpack_memberships_contains_paid_content":false,"footnotes":""},"categories":[3],"tags":[],"class_list":["post-3166","post","type-post","status-publish","format-standard","has-post-thumbnail","hentry","category-berichte"],"jetpack_featured_media_url":"https:\/\/waldkindergarten-berglen.de\/wp-content\/uploads\/2016\/11\/M\u00e4usebilder-1-scaled.jpg","jetpack_sharing_enabled":true,"_links":{"self":[{"href":"https:\/\/waldkindergarten-berglen.de\/index.php?rest_route=\/wp\/v2\/posts\/3166","targetHints":{"allow":["GET"]}}],"collection":[{"href":"https:\/\/waldkindergarten-berglen.de\/index.php?rest_route=\/wp\/v2\/posts"}],"about":[{"href":"https:\/\/waldkindergarten-berglen.de\/index.php?rest_route=\/wp\/v2\/types\/post"}],"author":[{"embeddable":true,"href":"https:\/\/waldkindergarten-berglen.de\/index.php?rest_route=\/wp\/v2\/users\/1"}],"replies":[{"embeddable":true,"href":"https:\/\/waldkindergarten-berglen.de\/index.php?rest_route=%2Fwp%2Fv2%2Fcomments&post=3166"}],"version-history":[{"count":0,"href":"https:\/\/waldkindergarten-berglen.de\/index.php?rest_route=\/wp\/v2\/posts\/3166\/revisions"}],"wp:featuredmedia":[{"embeddable":true,"href":"https:\/\/waldkindergarten-berglen.de\/index.php?rest_route=\/wp\/v2\/media\/3167"}],"wp:attachment":[{"href":"https:\/\/waldkindergarten-berglen.de\/index.php?rest_route=%2Fwp%2Fv2%2Fmedia&parent=3166"}],"wp:term":[{"taxonomy":"category","embeddable":true,"href":"https:\/\/waldkindergarten-berglen.de\/index.php?rest_route=%2Fwp%2Fv2%2Fcategories&post=3166"},{"taxonomy":"post_tag","embeddable":true,"href":"https:\/\/waldkindergarten-berglen.de\/index.php?rest_route=%2Fwp%2Fv2%2Ftags&post=3166"}],"curies":[{"name":"wp","href":"https:\/\/api.w.org\/{rel}","templated":true}]}}