{"id":3179,"date":"2016-11-28T08:05:46","date_gmt":"2016-11-28T08:05:46","guid":{"rendered":"http:\/\/waldkindergarten-berglen.de\/?p=3179"},"modified":"2016-11-28T08:05:46","modified_gmt":"2016-11-28T08:05:46","slug":"es-raschelt-wieder-im-wald","status":"publish","type":"post","link":"https:\/\/waldkindergarten-berglen.de\/?p=3179","title":{"rendered":"Es raschelt wieder im Wald"},"content":{"rendered":"<p>Seit einigen Wochen erleben unsere Waldkinder den Herbst mit all seinen Facetten in unserem Wald!<\/p>\n<p>Erst wurde er wundersch\u00f6n bunt, dann immer brauner und lichter. Der Wind wurde k\u00fchler und mancher Morgenreif taute schon in der Morgensonne.<\/p>\n<p>Auch Regen begleitete die Zwerge und Wichtel oft durch den Vormittag und erm\u00f6glichte ihnen damit sowohl das Toben im Matsch und in den Pf\u00fctzen, aber auch das kreative Gestalten von selbst gesch\u00f6pftem Lehm und den Bau von Bachl\u00e4ufen.<br \/>\nDas Laub fiel wie Regen von den B\u00e4umen herab und sammelte sich auf dem Waldboden.<\/p>\n<p>Doch erst letzte Woche war das Laub, so sp\u00e4t wie noch nie, erstmals trocken genug, dass es beim Gang durch den Wald wieder herrlich raschelte.<br \/>\nEs raschelte sogar so laut, dass es unm\u00f6glich war, der Verlockung zu widerstehen, mit dem Laub umzugehen.<br \/>\nUnd so legten sich die Kinder in das Laub, machten mit Armen und Beinen Engel in das Laub,<\/p>\n<figure id=\"attachment_3180\" aria-describedby=\"caption-attachment-3180\" style=\"width: 225px\" class=\"wp-caption alignnone\"><img loading=\"lazy\" decoding=\"async\" class=\"size-medium wp-image-3180\" src=\"http:\/\/waldkindergarten-berglen.de\/wp-content\/uploads\/2016\/11\/EinLaubengel-1-225x300.jpg\" alt=\"Ein Laubengel!\" width=\"225\" height=\"300\" srcset=\"https:\/\/waldkindergarten-berglen.de\/wp-content\/uploads\/2016\/11\/EinLaubengel-1-225x300.jpg 225w, https:\/\/waldkindergarten-berglen.de\/wp-content\/uploads\/2016\/11\/EinLaubengel-1.jpg 576w\" sizes=\"auto, (max-width: 225px) 100vw, 225px\" \/><figcaption id=\"caption-attachment-3180\" class=\"wp-caption-text\">Ein Laubengel!<\/figcaption><\/figure>\n<p>bedeckten sich gegenseitig dick mit dem Raschelwerk oder warfen die Bl\u00e4tter hoch in die Luft.<\/p>\n<figure id=\"attachment_3181\" aria-describedby=\"caption-attachment-3181\" style=\"width: 300px\" class=\"wp-caption alignnone\"><img loading=\"lazy\" decoding=\"async\" class=\"size-medium wp-image-3181\" src=\"http:\/\/waldkindergarten-berglen.de\/wp-content\/uploads\/2016\/11\/WirLassenEsLaubRegnen-1-300x225.jpg\" alt=\"Wir lassen es Laub regnen!\" width=\"300\" height=\"225\" srcset=\"https:\/\/waldkindergarten-berglen.de\/wp-content\/uploads\/2016\/11\/WirLassenEsLaubRegnen-1-300x225.jpg 300w, https:\/\/waldkindergarten-berglen.de\/wp-content\/uploads\/2016\/11\/WirLassenEsLaubRegnen-1-768x576.jpg 768w, https:\/\/waldkindergarten-berglen.de\/wp-content\/uploads\/2016\/11\/WirLassenEsLaubRegnen-1.jpg 1024w\" sizes=\"auto, (max-width: 300px) 100vw, 300px\" \/><figcaption id=\"caption-attachment-3181\" class=\"wp-caption-text\">Wir lassen es Laub regnen!<\/figcaption><\/figure>\n<p>Es war einfach wundersch\u00f6n!<\/p>\n<h4>Geheimnisvolles Treiben<\/h4>\n<p>Seit Tagen geht merkw\u00fcrdiges im Kottweiler Wald vor sich, wenn die Waldkinder darin unterwegs sind!<br \/>\nEs erscheint einem fast wie im M\u00e4rchen, wenn sich irgendwoher fr\u00f6hliches Kinderlachen mit wohlriechendem Weihnachtsduft und geheimnisvollem Fl\u00fcstern vereint.<br \/>\nDoch niemand erf\u00e4hrt irgendetwas dar\u00fcber!<br \/>\nMan kann nur sehen, dass sie die Waldsofas wundersch\u00f6n mit Tannenreisig abgedeckt haben, welches unser H\u00fcter des Waldes, F\u00f6rster Harald Gra\u00df, eigens daf\u00fcr bereitgelegt hat.<br \/>\nWas hier in den folgenden Wochen wohl noch alles vor sich geht?<\/p>\n<p><em>Wussten Sie schon?<\/em><br \/>\n<em>Dass alle Nadelbaum\u00f6le einen starken Bezug auf unsere Atemwege haben und die \u00e4therischen \u00d6le durch die Lungen aufgenommen werden,dadurch das Atmen erleichtern, die Sauerstoffaufnahme verbessern und auch schleiml\u00f6send wirken und somit helfen bei Bronchitis, Nebenh\u00f6hlenentz\u00fcndungen, Husten oder Erk\u00e4ltungen schneller gesund zu werden?<\/em><\/p>\n","protected":false},"excerpt":{"rendered":"<p>Seit einigen Wochen erleben unsere Waldkinder den Herbst mit all seinen Facetten in unserem Wald! Erst wurde er wundersch\u00f6n bunt, dann immer brauner und lichter. Der Wind wurde k\u00fchler und mancher Morgenreif taute schon in der Morgensonne. Auch Regen begleitete die Zwerge und Wichtel oft durch den Vormittag und erm\u00f6glichte ihnen damit sowohl das Toben&hellip; <a href=\"https:\/\/waldkindergarten-berglen.de\/?p=3179\" class=\"more-link\">Weiterlesen <span class=\"screen-reader-text\">Es raschelt wieder im Wald<\/span><\/a><\/p>\n","protected":false},"author":1,"featured_media":0,"comment_status":"closed","ping_status":"closed","sticky":false,"template":"","format":"standard","meta":{"ngg_post_thumbnail":0,"_jetpack_memberships_contains_paid_content":false,"footnotes":""},"categories":[3],"tags":[],"class_list":["post-3179","post","type-post","status-publish","format-standard","hentry","category-berichte"],"jetpack_featured_media_url":"","jetpack_sharing_enabled":true,"_links":{"self":[{"href":"https:\/\/waldkindergarten-berglen.de\/index.php?rest_route=\/wp\/v2\/posts\/3179","targetHints":{"allow":["GET"]}}],"collection":[{"href":"https:\/\/waldkindergarten-berglen.de\/index.php?rest_route=\/wp\/v2\/posts"}],"about":[{"href":"https:\/\/waldkindergarten-berglen.de\/index.php?rest_route=\/wp\/v2\/types\/post"}],"author":[{"embeddable":true,"href":"https:\/\/waldkindergarten-berglen.de\/index.php?rest_route=\/wp\/v2\/users\/1"}],"replies":[{"embeddable":true,"href":"https:\/\/waldkindergarten-berglen.de\/index.php?rest_route=%2Fwp%2Fv2%2Fcomments&post=3179"}],"version-history":[{"count":0,"href":"https:\/\/waldkindergarten-berglen.de\/index.php?rest_route=\/wp\/v2\/posts\/3179\/revisions"}],"wp:attachment":[{"href":"https:\/\/waldkindergarten-berglen.de\/index.php?rest_route=%2Fwp%2Fv2%2Fmedia&parent=3179"}],"wp:term":[{"taxonomy":"category","embeddable":true,"href":"https:\/\/waldkindergarten-berglen.de\/index.php?rest_route=%2Fwp%2Fv2%2Fcategories&post=3179"},{"taxonomy":"post_tag","embeddable":true,"href":"https:\/\/waldkindergarten-berglen.de\/index.php?rest_route=%2Fwp%2Fv2%2Ftags&post=3179"}],"curies":[{"name":"wp","href":"https:\/\/api.w.org\/{rel}","templated":true}]}}