{"id":3218,"date":"2016-12-05T08:05:14","date_gmt":"2016-12-05T08:05:14","guid":{"rendered":"http:\/\/waldkindergarten-berglen.de\/?p=3218"},"modified":"2016-12-05T08:05:14","modified_gmt":"2016-12-05T08:05:14","slug":"ein-schloesschen-im-wald","status":"publish","type":"post","link":"https:\/\/waldkindergarten-berglen.de\/?p=3218","title":{"rendered":"Ein Schl\u00f6sschen im Wald"},"content":{"rendered":"<p>Vor einiger Zeit haben unsere Kinder ein neues Haus aus Holz auf einem ihrer Pl\u00e4tze im Wald entdeckt. Auch einen tollen Namen haben sie daf\u00fcr gefunden: das \u201eWaldschl\u00f6sschen\u201c.<\/p>\n<p>So ein sch\u00f6nes Schloss muss man nat\u00fcrlich auch feierlich einweihen. Die Vorbereitungen dazu haben unsere Vorsch\u00fcler, die F\u00fcchse, \u00fcbernommen und leckere Pl\u00e4tzchen in Form von Schl\u00f6sschen und Waldtieren gebacken.<\/p>\n<p>Ein paar Tage sp\u00e4ter fand das Einweihungsfest \u00a0endlich statt. Die Kinder wurden von zwei F\u00fcchsen, die sich vor dem Schl\u00f6sschen aufgestellt hatten, begr\u00fc\u00dft und alle sangen zusammen das Lied \u201eHalli Hallo\u201c und tanzten um das Schloss.\u00a0 Auch das Schild am Waldschl\u00f6sschen wurde feierlich enth\u00fcllt.<\/p>\n<figure id=\"attachment_3221\" aria-describedby=\"caption-attachment-3221\" style=\"width: 300px\" class=\"wp-caption alignnone\"><img loading=\"lazy\" decoding=\"async\" class=\"size-medium wp-image-3221\" src=\"http:\/\/waldkindergarten-berglen.de\/wp-content\/uploads\/2016\/12\/Gleich_wird_das_Schild_enth\u00fcllt-1-300x225.jpg\" alt=\"Gleich wird das Schild enth\u00fcllt\" width=\"300\" height=\"225\" srcset=\"https:\/\/waldkindergarten-berglen.de\/wp-content\/uploads\/2016\/12\/Gleich_wird_das_Schild_enth\u00fcllt-1-300x225.jpg 300w, https:\/\/waldkindergarten-berglen.de\/wp-content\/uploads\/2016\/12\/Gleich_wird_das_Schild_enth\u00fcllt-1-1024x768.jpg 1024w, https:\/\/waldkindergarten-berglen.de\/wp-content\/uploads\/2016\/12\/Gleich_wird_das_Schild_enth\u00fcllt-1-768x576.jpg 768w, https:\/\/waldkindergarten-berglen.de\/wp-content\/uploads\/2016\/12\/Gleich_wird_das_Schild_enth\u00fcllt-1-1536x1152.jpg 1536w, https:\/\/waldkindergarten-berglen.de\/wp-content\/uploads\/2016\/12\/Gleich_wird_das_Schild_enth\u00fcllt-1-2048x1536.jpg 2048w, https:\/\/waldkindergarten-berglen.de\/wp-content\/uploads\/2016\/12\/Gleich_wird_das_Schild_enth\u00fcllt-1-1200x900.jpg 1200w, https:\/\/waldkindergarten-berglen.de\/wp-content\/uploads\/2016\/12\/Gleich_wird_das_Schild_enth\u00fcllt-1-1980x1485.jpg 1980w\" sizes=\"auto, (max-width: 300px) 100vw, 300px\" \/><figcaption id=\"caption-attachment-3221\" class=\"wp-caption-text\">Gleich wird das Schild enth\u00fcllt<\/figcaption><\/figure>\n<p>Besonders stimmungsvoll wurde es, als die Kinder das Lied \u201eWir tragen ein Licht\u201c sangen und ein Windlicht von Hand zu Hand reichten.<\/p>\n<figure id=\"attachment_3220\" aria-describedby=\"caption-attachment-3220\" style=\"width: 300px\" class=\"wp-caption alignnone\"><img loading=\"lazy\" decoding=\"async\" class=\"size-medium wp-image-3220\" src=\"http:\/\/waldkindergarten-berglen.de\/wp-content\/uploads\/2016\/12\/Wir_tragen_ein_Licht_-1-300x225.jpg\" alt=\"Wir tragen ein Licht\" width=\"300\" height=\"225\" srcset=\"https:\/\/waldkindergarten-berglen.de\/wp-content\/uploads\/2016\/12\/Wir_tragen_ein_Licht_-1-300x225.jpg 300w, https:\/\/waldkindergarten-berglen.de\/wp-content\/uploads\/2016\/12\/Wir_tragen_ein_Licht_-1-1024x768.jpg 1024w, https:\/\/waldkindergarten-berglen.de\/wp-content\/uploads\/2016\/12\/Wir_tragen_ein_Licht_-1-768x576.jpg 768w, https:\/\/waldkindergarten-berglen.de\/wp-content\/uploads\/2016\/12\/Wir_tragen_ein_Licht_-1-1536x1152.jpg 1536w, https:\/\/waldkindergarten-berglen.de\/wp-content\/uploads\/2016\/12\/Wir_tragen_ein_Licht_-1-2048x1536.jpg 2048w, https:\/\/waldkindergarten-berglen.de\/wp-content\/uploads\/2016\/12\/Wir_tragen_ein_Licht_-1-1200x900.jpg 1200w, https:\/\/waldkindergarten-berglen.de\/wp-content\/uploads\/2016\/12\/Wir_tragen_ein_Licht_-1-1980x1485.jpg 1980w\" sizes=\"auto, (max-width: 300px) 100vw, 300px\" \/><figcaption id=\"caption-attachment-3220\" class=\"wp-caption-text\">Wir tragen ein Licht<\/figcaption><\/figure>\n<p>Dann wurde es f\u00fcr die Kinder Zeit, das Schl\u00f6sschen von innen in Besitz zu nehmen, mit einem gemeinsamen Essen (und den k\u00f6stlichen Pl\u00e4tzchen) im hell erleuchteten Waldschl\u00f6sschen.<\/p>\n<p>Nun k\u00f6nnen sich unsere Waldkinder auf viele m\u00e4rchenhafte Spielstunden in und an ihrem Waldschl\u00f6sschen freuen!<\/p>\n<p>Beim diesj\u00e4hrigen Herbst- Arbeitseinsatz f\u00fcr den Waldkindergarten\u00a0 wurden wieder allerlei Reparaturen und Instandhaltungsma\u00dfnahmen (St\u00fccklespflege, Kindertische streichen, Waldsofas ausbessern und neues Reisig anliefern) durchgef\u00fchrt.<\/p>\n<figure id=\"attachment_3225\" aria-describedby=\"caption-attachment-3225\" style=\"width: 300px\" class=\"wp-caption alignnone\"><img loading=\"lazy\" decoding=\"async\" class=\"size-medium wp-image-3225\" src=\"http:\/\/waldkindergarten-berglen.de\/wp-content\/uploads\/2016\/12\/Neuer_Glanz_fuer_die_Kindertische-1-300x225.jpg\" alt=\"Neuer Glanz f\u00fcr die Kindertische\" width=\"300\" height=\"225\" srcset=\"https:\/\/waldkindergarten-berglen.de\/wp-content\/uploads\/2016\/12\/Neuer_Glanz_fuer_die_Kindertische-1-300x225.jpg 300w, https:\/\/waldkindergarten-berglen.de\/wp-content\/uploads\/2016\/12\/Neuer_Glanz_fuer_die_Kindertische-1-1024x768.jpg 1024w, https:\/\/waldkindergarten-berglen.de\/wp-content\/uploads\/2016\/12\/Neuer_Glanz_fuer_die_Kindertische-1-768x576.jpg 768w, https:\/\/waldkindergarten-berglen.de\/wp-content\/uploads\/2016\/12\/Neuer_Glanz_fuer_die_Kindertische-1-1536x1152.jpg 1536w, https:\/\/waldkindergarten-berglen.de\/wp-content\/uploads\/2016\/12\/Neuer_Glanz_fuer_die_Kindertische-1-2048x1536.jpg 2048w, https:\/\/waldkindergarten-berglen.de\/wp-content\/uploads\/2016\/12\/Neuer_Glanz_fuer_die_Kindertische-1-1200x900.jpg 1200w, https:\/\/waldkindergarten-berglen.de\/wp-content\/uploads\/2016\/12\/Neuer_Glanz_fuer_die_Kindertische-1-1980x1485.jpg 1980w\" sizes=\"auto, (max-width: 300px) 100vw, 300px\" \/><figcaption id=\"caption-attachment-3225\" class=\"wp-caption-text\">Neuer Glanz f\u00fcr die Kindertische<\/figcaption><\/figure>\n<p>Au\u00dferdem wurde ein Teeh\u00e4usle f\u00fcr das Abstellen der Teekannen gebastelt sowie einen Kompost-Beh\u00e4lter, der uns schon lange gefehlt hat.<\/p>\n<figure id=\"attachment_3226\" aria-describedby=\"caption-attachment-3226\" style=\"width: 300px\" class=\"wp-caption alignnone\"><img loading=\"lazy\" decoding=\"async\" class=\"size-medium wp-image-3226\" src=\"http:\/\/waldkindergarten-berglen.de\/wp-content\/uploads\/2016\/12\/Komposter_selbst_gebaut-1-300x225.jpg\" alt=\"Komposter selbst gebaut\" width=\"300\" height=\"225\" srcset=\"https:\/\/waldkindergarten-berglen.de\/wp-content\/uploads\/2016\/12\/Komposter_selbst_gebaut-1-300x225.jpg 300w, https:\/\/waldkindergarten-berglen.de\/wp-content\/uploads\/2016\/12\/Komposter_selbst_gebaut-1-1024x768.jpg 1024w, https:\/\/waldkindergarten-berglen.de\/wp-content\/uploads\/2016\/12\/Komposter_selbst_gebaut-1-768x576.jpg 768w, https:\/\/waldkindergarten-berglen.de\/wp-content\/uploads\/2016\/12\/Komposter_selbst_gebaut-1-1536x1152.jpg 1536w, https:\/\/waldkindergarten-berglen.de\/wp-content\/uploads\/2016\/12\/Komposter_selbst_gebaut-1-2048x1536.jpg 2048w, https:\/\/waldkindergarten-berglen.de\/wp-content\/uploads\/2016\/12\/Komposter_selbst_gebaut-1-1200x900.jpg 1200w, https:\/\/waldkindergarten-berglen.de\/wp-content\/uploads\/2016\/12\/Komposter_selbst_gebaut-1-1980x1485.jpg 1980w\" sizes=\"auto, (max-width: 300px) 100vw, 300px\" \/><figcaption id=\"caption-attachment-3226\" class=\"wp-caption-text\">Komposter selbst gebaut<\/figcaption><\/figure>\n<p>20 Eltern und mindestens genauso viele Kindergartenkinder und Ehemalige waren bei diesem Arbeitseinsatz dabei.<\/p>\n<p>Vielen herzlichen Dank an Euch alle!<\/p>\n<p><em>Wussten Sie schon?<\/em><\/p>\n<p><em>Dass der Eichelh\u00e4her so hei\u00dft, weil er f\u00fcr die Wintermonate gro\u00dfe Vorr\u00e4te an Eicheln und N\u00fcssen anlegt? Diese versteckt er am Boden und oft wachsen daraus neue B\u00e4ume.<\/em><\/p>\n","protected":false},"excerpt":{"rendered":"<p>Vor einiger Zeit haben unsere Kinder ein neues Haus aus Holz auf einem ihrer Pl\u00e4tze im Wald entdeckt. Auch einen tollen Namen haben sie daf\u00fcr gefunden: das \u201eWaldschl\u00f6sschen\u201c. So ein sch\u00f6nes Schloss muss man nat\u00fcrlich auch feierlich einweihen. Die Vorbereitungen dazu haben unsere Vorsch\u00fcler, die F\u00fcchse, \u00fcbernommen und leckere Pl\u00e4tzchen in Form von Schl\u00f6sschen und&hellip; <a href=\"https:\/\/waldkindergarten-berglen.de\/?p=3218\" class=\"more-link\">Weiterlesen <span class=\"screen-reader-text\">Ein Schl\u00f6sschen im Wald<\/span><\/a><\/p>\n","protected":false},"author":1,"featured_media":3220,"comment_status":"closed","ping_status":"closed","sticky":false,"template":"","format":"standard","meta":{"ngg_post_thumbnail":0,"_jetpack_memberships_contains_paid_content":false,"footnotes":""},"categories":[3],"tags":[],"class_list":["post-3218","post","type-post","status-publish","format-standard","has-post-thumbnail","hentry","category-berichte"],"jetpack_featured_media_url":"https:\/\/waldkindergarten-berglen.de\/wp-content\/uploads\/2016\/12\/Wir_tragen_ein_Licht_-1-scaled.jpg","jetpack_sharing_enabled":true,"_links":{"self":[{"href":"https:\/\/waldkindergarten-berglen.de\/index.php?rest_route=\/wp\/v2\/posts\/3218","targetHints":{"allow":["GET"]}}],"collection":[{"href":"https:\/\/waldkindergarten-berglen.de\/index.php?rest_route=\/wp\/v2\/posts"}],"about":[{"href":"https:\/\/waldkindergarten-berglen.de\/index.php?rest_route=\/wp\/v2\/types\/post"}],"author":[{"embeddable":true,"href":"https:\/\/waldkindergarten-berglen.de\/index.php?rest_route=\/wp\/v2\/users\/1"}],"replies":[{"embeddable":true,"href":"https:\/\/waldkindergarten-berglen.de\/index.php?rest_route=%2Fwp%2Fv2%2Fcomments&post=3218"}],"version-history":[{"count":0,"href":"https:\/\/waldkindergarten-berglen.de\/index.php?rest_route=\/wp\/v2\/posts\/3218\/revisions"}],"wp:featuredmedia":[{"embeddable":true,"href":"https:\/\/waldkindergarten-berglen.de\/index.php?rest_route=\/wp\/v2\/media\/3220"}],"wp:attachment":[{"href":"https:\/\/waldkindergarten-berglen.de\/index.php?rest_route=%2Fwp%2Fv2%2Fmedia&parent=3218"}],"wp:term":[{"taxonomy":"category","embeddable":true,"href":"https:\/\/waldkindergarten-berglen.de\/index.php?rest_route=%2Fwp%2Fv2%2Fcategories&post=3218"},{"taxonomy":"post_tag","embeddable":true,"href":"https:\/\/waldkindergarten-berglen.de\/index.php?rest_route=%2Fwp%2Fv2%2Ftags&post=3218"}],"curies":[{"name":"wp","href":"https:\/\/api.w.org\/{rel}","templated":true}]}}