{"id":3234,"date":"2016-12-12T08:05:29","date_gmt":"2016-12-12T08:05:29","guid":{"rendered":"http:\/\/waldkindergarten-berglen.de\/?p=3234"},"modified":"2016-12-12T08:05:29","modified_gmt":"2016-12-12T08:05:29","slug":"traegt-nen-grossen-sack-traegt-ihn-huckepack","status":"publish","type":"post","link":"https:\/\/waldkindergarten-berglen.de\/?p=3234","title":{"rendered":"Tr\u00e4gt \u00b4nen gro\u00dfen Sack tr\u00e4gt ihn huckepack"},"content":{"rendered":"<p>Es war in der Abendd\u00e4mmerung, als sich die Waldkinder mit ihren Eltern, Geschwistern und so manchen Gro\u00dfeltern am Morgenkreis der Zwerge trafen.<br \/>\nDenn am Vormittag fanden die Kinder im Wald Barthaare des Nikolaus! Genau an der Stelle, an der sie ihre Stiefel frisch geputzt in einem gro\u00dfen Sack zur\u00fccklie\u00dfen. Der war kurze Zeit darauf pl\u00f6tzlich verschwunden.<br \/>\nUnd so waren sich alle sicher der Nikolaus ist im Wald unterwegs und wird am Abend kommen.<br \/>\nNun gingen also alle den mit Kerzenlichtern ges\u00e4umten Weg quer durch den Wald! Voran die Erzieherinnen mit der Laterne!<br \/>\nAb und an hielt die Gruppe inne, um zu lauschen und zu singen!<br \/>\nDann kamen sie an einen mit Kerzenlichtern beleuchteten Waldplatz. Wundersch\u00f6n geschm\u00fcckt stand da ein Schaukelstuhl bereit.<br \/>\nW\u00e4hrend die Waldkinder ein fr\u00f6hliches Nikolauslied sangen , kam dieser tats\u00e4chlich zwischen B\u00e4umen hindurch und setzte sich auf seinen Stuhl. Er las eine Geschichte aus seinem goldenen Buch vor und lauschte dann, wie die Kinder ihren Nikolausspruch vortrugen.<\/p>\n<figure id=\"attachment_3248\" aria-describedby=\"caption-attachment-3248\" style=\"width: 170px\" class=\"wp-caption aligncenter\"><img loading=\"lazy\" decoding=\"async\" class=\"size-medium wp-image-3248\" src=\"http:\/\/waldkindergarten-berglen.de\/wp-content\/uploads\/2016\/12\/DerNikolausBeiUnsImWald1-1-170x300.jpg\" alt=\"\" width=\"170\" height=\"300\" \/><figcaption id=\"caption-attachment-3248\" class=\"wp-caption-text\">Der Nikolaus bei uns im Wald!<\/figcaption><\/figure>\n<p>Danach teilte er als Belohnung jedem Kind seinen gef\u00fcllten Stiefel aus und verabschiedete sich dann um auch noch anderen Kindern ihre Stiefel f\u00fcllen zu k\u00f6nnen.<br \/>\nZum Ausklang ging es zur\u00fcck zum Waldspielplatz, wo bei w\u00e4rmendem Lagerfeuer Punsch und Fleischk\u00e4swecken begleitet von fr\u00f6hlichem Kinderlachen verk\u00f6stigt wurden.<\/p>\n<p><strong>Vielen herzlichen Dank an alle Erzieherinnen und nat\u00fcrlich auch dem Nikolaus, f\u00fcr diesen wundersch\u00f6nen Abend!<\/strong><\/p>\n<h4>Weihnachtsmarkt in Birkenwei\u00dfbuch<\/h4>\n<p>Auch in diesem Jahr durften wir wieder mit unserem Stand am Weihnachtsmarkt in Birkenwei\u00dfbuch dabei sein!<\/p>\n<figure id=\"attachment_3238\" aria-describedby=\"caption-attachment-3238\" style=\"width: 300px\" class=\"wp-caption aligncenter\"><img loading=\"lazy\" decoding=\"async\" class=\"size-medium wp-image-3238\" src=\"http:\/\/waldkindergarten-berglen.de\/wp-content\/uploads\/2016\/12\/UnserStand...-1-300x169.jpg\" alt=\"\" width=\"300\" height=\"169\" srcset=\"https:\/\/waldkindergarten-berglen.de\/wp-content\/uploads\/2016\/12\/UnserStand...-1-300x169.jpg 300w, https:\/\/waldkindergarten-berglen.de\/wp-content\/uploads\/2016\/12\/UnserStand...-1.jpg 534w\" sizes=\"auto, (max-width: 300px) 100vw, 300px\" \/><figcaption id=\"caption-attachment-3238\" class=\"wp-caption-text\">Unser Stand&#8230;<\/figcaption><\/figure>\n<p>Viele selbstgebastelte Sachen, wie M\u00fctzen, gefilzte Waldtiere, Schnullerb\u00e4nder, Ritterschilde, Schwerter, Pferdegeschirre,selbstgebackene Nussecken<\/p>\n<figure id=\"attachment_3235\" aria-describedby=\"caption-attachment-3235\" style=\"width: 169px\" class=\"wp-caption aligncenter\"><img loading=\"lazy\" decoding=\"async\" class=\"size-medium wp-image-3235\" src=\"http:\/\/waldkindergarten-berglen.de\/wp-content\/uploads\/2016\/12\/mitGefilztenWaldtieren...-1-169x300.jpg\" alt=\"\" width=\"169\" height=\"300\" \/><figcaption id=\"caption-attachment-3235\" class=\"wp-caption-text\">&#8230;mit gefilzten Waldtieren&#8230;<\/figcaption><\/figure>\n<p>und vieles mehr konnten dort erworben werden.<\/p>\n<figure id=\"attachment_3236\" aria-describedby=\"caption-attachment-3236\" style=\"width: 300px\" class=\"wp-caption aligncenter\"><img loading=\"lazy\" decoding=\"async\" class=\"size-medium wp-image-3236\" src=\"http:\/\/waldkindergarten-berglen.de\/wp-content\/uploads\/2016\/12\/undWunderschoenenNuetzlichenHandarbeiten-1-300x169.jpg\" alt=\"\" width=\"300\" height=\"169\" srcset=\"https:\/\/waldkindergarten-berglen.de\/wp-content\/uploads\/2016\/12\/undWunderschoenenNuetzlichenHandarbeiten-1-300x169.jpg 300w, https:\/\/waldkindergarten-berglen.de\/wp-content\/uploads\/2016\/12\/undWunderschoenenNuetzlichenHandarbeiten-1.jpg 534w\" sizes=\"auto, (max-width: 300px) 100vw, 300px\" \/><figcaption id=\"caption-attachment-3236\" class=\"wp-caption-text\">&#8230;und wundersch\u00f6nen n\u00fctzlichen Handarbeiten!<\/figcaption><\/figure>\n<p><strong>Wir hatten gro\u00dfen Spa\u00df und bedanken uns bei allen Interessenten, die unseren Stand besuchten und freuen uns auf ein Wiedersehen im n\u00e4chsten Jahr.<\/strong><\/p>\n<p><em>Wussten Sie schon?<\/em><br \/>\n<em>Dass der Weihnachtsmarkt als eine mittelalterliche Verkaufsmesse (meist eint\u00e4gig) Tradition wurde, um den Menschen die Gelegenheit zu geben, sich f\u00fcr den Winter mit Fleisch und winterlichem Bedarf einzudecken?<\/em><\/p>\n","protected":false},"excerpt":{"rendered":"<p>Es war in der Abendd\u00e4mmerung, als sich die Waldkinder mit ihren Eltern, Geschwistern und so manchen Gro\u00dfeltern am Morgenkreis der Zwerge trafen. Denn am Vormittag fanden die Kinder im Wald Barthaare des Nikolaus! Genau an der Stelle, an der sie ihre Stiefel frisch geputzt in einem gro\u00dfen Sack zur\u00fccklie\u00dfen. Der war kurze Zeit darauf pl\u00f6tzlich&hellip; <a href=\"https:\/\/waldkindergarten-berglen.de\/?p=3234\" class=\"more-link\">Weiterlesen <span class=\"screen-reader-text\">Tr\u00e4gt \u00b4nen gro\u00dfen Sack tr\u00e4gt ihn huckepack<\/span><\/a><\/p>\n","protected":false},"author":1,"featured_media":0,"comment_status":"closed","ping_status":"closed","sticky":false,"template":"","format":"standard","meta":{"ngg_post_thumbnail":0,"_jetpack_memberships_contains_paid_content":false,"footnotes":""},"categories":[3],"tags":[],"class_list":["post-3234","post","type-post","status-publish","format-standard","hentry","category-berichte"],"jetpack_featured_media_url":"","jetpack_sharing_enabled":true,"_links":{"self":[{"href":"https:\/\/waldkindergarten-berglen.de\/index.php?rest_route=\/wp\/v2\/posts\/3234","targetHints":{"allow":["GET"]}}],"collection":[{"href":"https:\/\/waldkindergarten-berglen.de\/index.php?rest_route=\/wp\/v2\/posts"}],"about":[{"href":"https:\/\/waldkindergarten-berglen.de\/index.php?rest_route=\/wp\/v2\/types\/post"}],"author":[{"embeddable":true,"href":"https:\/\/waldkindergarten-berglen.de\/index.php?rest_route=\/wp\/v2\/users\/1"}],"replies":[{"embeddable":true,"href":"https:\/\/waldkindergarten-berglen.de\/index.php?rest_route=%2Fwp%2Fv2%2Fcomments&post=3234"}],"version-history":[{"count":0,"href":"https:\/\/waldkindergarten-berglen.de\/index.php?rest_route=\/wp\/v2\/posts\/3234\/revisions"}],"wp:attachment":[{"href":"https:\/\/waldkindergarten-berglen.de\/index.php?rest_route=%2Fwp%2Fv2%2Fmedia&parent=3234"}],"wp:term":[{"taxonomy":"category","embeddable":true,"href":"https:\/\/waldkindergarten-berglen.de\/index.php?rest_route=%2Fwp%2Fv2%2Fcategories&post=3234"},{"taxonomy":"post_tag","embeddable":true,"href":"https:\/\/waldkindergarten-berglen.de\/index.php?rest_route=%2Fwp%2Fv2%2Ftags&post=3234"}],"curies":[{"name":"wp","href":"https:\/\/api.w.org\/{rel}","templated":true}]}}