{"id":324,"date":"2016-01-18T10:00:37","date_gmt":"2016-01-18T10:00:37","guid":{"rendered":"http:\/\/waldkindergarten-berglen.de\/?p=324"},"modified":"2016-01-18T10:00:37","modified_gmt":"2016-01-18T10:00:37","slug":"erlebnisreicher-winterwald","status":"publish","type":"post","link":"https:\/\/waldkindergarten-berglen.de\/?p=324","title":{"rendered":"Erlebnisreicher Winterwald"},"content":{"rendered":"<p>Nach den Weihnachtsferien starteten unsere Kinder in eine erlebnisreiche Woche im Waldkindergarten.<\/p>\n<p>Wegen Waldarbeiten waren einige Bereiche des Waldes abgesperrt und so musste so mancher Platz \u00fcber Umwege erreicht werden.<\/p>\n<p>Doch wie spannend war es f\u00fcr unsere Kinder die gro\u00dfen Fahrzeuge, Ger\u00e4te und Waldarbeiter aus sicherer Entfernung bei ihren Arbeiten zu beobachten!<\/p>\n<p>Auch dem Weihnachtsplatz wurde nochmals ein Besuch abgestattet und die Kinder stellten voller Freude fest, dass die Waldtiere die Weihnachtsgaben (z. B. \u00c4pfel, Karotten und Maiskolben), die sie vor Weihnachten an einen Baum geh\u00e4ngt hatten, fast vollst\u00e4ndig aufgegessen haben.<\/p>\n<p>Und zum guten Schluss der Woche fiel am Freitag endlich wieder der lang ersehnte Schnee! Wenn auch die Schneedecke noch d\u00fcnn war, so reichte sie doch schon f\u00fcr wilde Fahrten auf dem Rutschteller.<\/p>\n<figure id=\"attachment_325\" aria-describedby=\"caption-attachment-325\" style=\"width: 460px\" class=\"wp-caption alignnone\"><img loading=\"lazy\" decoding=\"async\" class=\"size-full wp-image-325\" src=\"http:\/\/waldkindergarten-berglen.de\/wp-content\/uploads\/2016\/06\/1022-1-1.jpg\" alt=\"Rutschpartie\" width=\"460\" height=\"345\" \/><figcaption id=\"caption-attachment-325\" class=\"wp-caption-text\">Rutschpartie<\/figcaption><\/figure>\n<p><em>Wussten Sie schon?<\/em><br \/>\n<em>Dass einige B\u00e4ume ein sehr hohes Alter erreichen k\u00f6nnen? Linden, Eichen und Eiben k\u00f6nnen sogar bis zu 1.000 Jahre und \u00e4lter werden.<\/em><\/p>\n","protected":false},"excerpt":{"rendered":"<p>Nach den Weihnachtsferien starteten unsere Kinder in eine erlebnisreiche Woche im Waldkindergarten. Wegen Waldarbeiten waren einige Bereiche des Waldes abgesperrt und so musste so mancher Platz \u00fcber Umwege erreicht werden. Doch wie spannend war es f\u00fcr unsere Kinder die gro\u00dfen Fahrzeuge, Ger\u00e4te und Waldarbeiter aus sicherer Entfernung bei ihren Arbeiten zu beobachten! Auch dem Weihnachtsplatz&hellip; <a href=\"https:\/\/waldkindergarten-berglen.de\/?p=324\" class=\"more-link\">Weiterlesen <span class=\"screen-reader-text\">Erlebnisreicher Winterwald<\/span><\/a><\/p>\n","protected":false},"author":1,"featured_media":0,"comment_status":"closed","ping_status":"closed","sticky":false,"template":"","format":"standard","meta":{"ngg_post_thumbnail":0,"_jetpack_memberships_contains_paid_content":false,"footnotes":""},"categories":[3],"tags":[],"class_list":["post-324","post","type-post","status-publish","format-standard","hentry","category-berichte"],"jetpack_featured_media_url":"","jetpack_sharing_enabled":true,"_links":{"self":[{"href":"https:\/\/waldkindergarten-berglen.de\/index.php?rest_route=\/wp\/v2\/posts\/324","targetHints":{"allow":["GET"]}}],"collection":[{"href":"https:\/\/waldkindergarten-berglen.de\/index.php?rest_route=\/wp\/v2\/posts"}],"about":[{"href":"https:\/\/waldkindergarten-berglen.de\/index.php?rest_route=\/wp\/v2\/types\/post"}],"author":[{"embeddable":true,"href":"https:\/\/waldkindergarten-berglen.de\/index.php?rest_route=\/wp\/v2\/users\/1"}],"replies":[{"embeddable":true,"href":"https:\/\/waldkindergarten-berglen.de\/index.php?rest_route=%2Fwp%2Fv2%2Fcomments&post=324"}],"version-history":[{"count":0,"href":"https:\/\/waldkindergarten-berglen.de\/index.php?rest_route=\/wp\/v2\/posts\/324\/revisions"}],"wp:attachment":[{"href":"https:\/\/waldkindergarten-berglen.de\/index.php?rest_route=%2Fwp%2Fv2%2Fmedia&parent=324"}],"wp:term":[{"taxonomy":"category","embeddable":true,"href":"https:\/\/waldkindergarten-berglen.de\/index.php?rest_route=%2Fwp%2Fv2%2Fcategories&post=324"},{"taxonomy":"post_tag","embeddable":true,"href":"https:\/\/waldkindergarten-berglen.de\/index.php?rest_route=%2Fwp%2Fv2%2Ftags&post=324"}],"curies":[{"name":"wp","href":"https:\/\/api.w.org\/{rel}","templated":true}]}}