{"id":3252,"date":"2016-12-19T08:05:46","date_gmt":"2016-12-19T08:05:46","guid":{"rendered":"http:\/\/waldkindergarten-berglen.de\/?p=3252"},"modified":"2016-12-19T08:05:46","modified_gmt":"2016-12-19T08:05:46","slug":"wer-bekommt-die-goldene-nuss","status":"publish","type":"post","link":"https:\/\/waldkindergarten-berglen.de\/?p=3252","title":{"rendered":"Wer bekommt die goldene Nuss?"},"content":{"rendered":"<p>Das fragen sich jetzt in der Adventszeit immer unsere Waldkinder.<\/p>\n<p>Denn f\u00fcr jedes Kind \u00f6ffnet sich an einem Tag im Dezember der Adventskalender des Waldkindergartens:<\/p>\n<p>Alle Kinder schlie\u00dfen die Augen und halten ihre H\u00e4nde zu einer Schale geformt. Die Spannung steigt, denn eines der Kinder bekommt eine goldene Nuss in die H\u00e4nde gelegt und wird mit glitzerndem Sternenstaub bestreut!<\/p>\n<figure id=\"attachment_3254\" aria-describedby=\"caption-attachment-3254\" style=\"width: 225px\" class=\"wp-caption alignnone\"><img loading=\"lazy\" decoding=\"async\" class=\"size-medium wp-image-3254\" src=\"http:\/\/waldkindergarten-berglen.de\/wp-content\/uploads\/2017\/01\/WerbekommtdiegoldeneNuss-1-225x300.jpg\" alt=\"\" width=\"225\" height=\"300\" srcset=\"https:\/\/waldkindergarten-berglen.de\/wp-content\/uploads\/2017\/01\/WerbekommtdiegoldeneNuss-1-225x300.jpg 225w, https:\/\/waldkindergarten-berglen.de\/wp-content\/uploads\/2017\/01\/WerbekommtdiegoldeneNuss-1-768x1024.jpg 768w, https:\/\/waldkindergarten-berglen.de\/wp-content\/uploads\/2017\/01\/WerbekommtdiegoldeneNuss-1-1152x1536.jpg 1152w, https:\/\/waldkindergarten-berglen.de\/wp-content\/uploads\/2017\/01\/WerbekommtdiegoldeneNuss-1-1536x2048.jpg 1536w, https:\/\/waldkindergarten-berglen.de\/wp-content\/uploads\/2017\/01\/WerbekommtdiegoldeneNuss-1-1200x1600.jpg 1200w, https:\/\/waldkindergarten-berglen.de\/wp-content\/uploads\/2017\/01\/WerbekommtdiegoldeneNuss-1-1980x2640.jpg 1980w, https:\/\/waldkindergarten-berglen.de\/wp-content\/uploads\/2017\/01\/WerbekommtdiegoldeneNuss-1-scaled.jpg 1920w\" sizes=\"auto, (max-width: 225px) 100vw, 225px\" \/><figcaption id=\"caption-attachment-3254\" class=\"wp-caption-text\">Wer bekommt die goldene Nuss?<\/figcaption><\/figure>\n<p>Dieses Adventskind darf nun in eine gro\u00dfe Kiste greifen, die ein kleines Geschenk f\u00fcr es bereit h\u00e4lt.<\/p>\n<figure id=\"attachment_3255\" aria-describedby=\"caption-attachment-3255\" style=\"width: 300px\" class=\"wp-caption alignnone\"><img loading=\"lazy\" decoding=\"async\" class=\"size-medium wp-image-3255\" src=\"http:\/\/waldkindergarten-berglen.de\/wp-content\/uploads\/2017\/01\/WasmaginderKistesein-1-300x225.jpg\" alt=\"\" width=\"300\" height=\"225\" srcset=\"https:\/\/waldkindergarten-berglen.de\/wp-content\/uploads\/2017\/01\/WasmaginderKistesein-1-300x225.jpg 300w, https:\/\/waldkindergarten-berglen.de\/wp-content\/uploads\/2017\/01\/WasmaginderKistesein-1-1024x768.jpg 1024w, https:\/\/waldkindergarten-berglen.de\/wp-content\/uploads\/2017\/01\/WasmaginderKistesein-1-768x576.jpg 768w, https:\/\/waldkindergarten-berglen.de\/wp-content\/uploads\/2017\/01\/WasmaginderKistesein-1-1536x1152.jpg 1536w, https:\/\/waldkindergarten-berglen.de\/wp-content\/uploads\/2017\/01\/WasmaginderKistesein-1-1200x900.jpg 1200w, https:\/\/waldkindergarten-berglen.de\/wp-content\/uploads\/2017\/01\/WasmaginderKistesein-1-1980x1485.jpg 1980w, https:\/\/waldkindergarten-berglen.de\/wp-content\/uploads\/2017\/01\/WasmaginderKistesein-1.jpg 2048w\" sizes=\"auto, (max-width: 300px) 100vw, 300px\" \/><figcaption id=\"caption-attachment-3255\" class=\"wp-caption-text\">Was mag in der Kiste sein?<\/figcaption><\/figure>\n<p>Und gl\u00fccklich verk\u00fcndet es beim Abholen seiner Mama oder seinem Papa: \u201eHeute bin ich das Glitzerkind!\u201c<\/p>\n<p>Eine sch\u00f6ne Tradition in der Vorweihnachtszeit ist auch das gemeinsame Weihnachtsliedersingen mit den Eltern.<\/p>\n<p>Dann f\u00fchren die Kinder ihre Eltern zu einer weihnachtlichen Szenerie an einem Baumstumpf. Was f\u00fcr eine bezaubernde Kulisse unser Wald f\u00fcr Geschichten und Lieder in der Vorweihnachtszeit doch bietet!<\/p>\n<figure id=\"attachment_3256\" aria-describedby=\"caption-attachment-3256\" style=\"width: 300px\" class=\"wp-caption alignnone\"><img loading=\"lazy\" decoding=\"async\" class=\"size-medium wp-image-3256\" src=\"http:\/\/waldkindergarten-berglen.de\/wp-content\/uploads\/2017\/01\/Weihnachtliche-Szenerie-2-1-1-300x169.jpg\" alt=\"\" width=\"300\" height=\"169\" \/><figcaption id=\"caption-attachment-3256\" class=\"wp-caption-text\">Weihnachtliche Szenerie<\/figcaption><\/figure>\n<p>&nbsp;<\/p>\n<p><strong>Wussten Sie schon?<\/strong><\/p>\n<p>Dass Walnussb\u00e4ume erst ab einem Alter von 10 bis 20 Jahren Fr\u00fcchte zu tragen beginnen?<\/p>\n","protected":false},"excerpt":{"rendered":"<p>Das fragen sich jetzt in der Adventszeit immer unsere Waldkinder. Denn f\u00fcr jedes Kind \u00f6ffnet sich an einem Tag im Dezember der Adventskalender des Waldkindergartens: Alle Kinder schlie\u00dfen die Augen und halten ihre H\u00e4nde zu einer Schale geformt. Die Spannung steigt, denn eines der Kinder bekommt eine goldene Nuss in die H\u00e4nde gelegt und wird&hellip; <a href=\"https:\/\/waldkindergarten-berglen.de\/?p=3252\" class=\"more-link\">Weiterlesen <span class=\"screen-reader-text\">Wer bekommt die goldene Nuss?<\/span><\/a><\/p>\n","protected":false},"author":1,"featured_media":3253,"comment_status":"closed","ping_status":"closed","sticky":false,"template":"","format":"standard","meta":{"ngg_post_thumbnail":0,"_jetpack_memberships_contains_paid_content":false,"footnotes":""},"categories":[3],"tags":[],"class_list":["post-3252","post","type-post","status-publish","format-standard","has-post-thumbnail","hentry","category-berichte"],"jetpack_featured_media_url":"https:\/\/waldkindergarten-berglen.de\/wp-content\/uploads\/2017\/01\/Weihnachtliche-Szenerie-2.jpg","jetpack_sharing_enabled":true,"_links":{"self":[{"href":"https:\/\/waldkindergarten-berglen.de\/index.php?rest_route=\/wp\/v2\/posts\/3252","targetHints":{"allow":["GET"]}}],"collection":[{"href":"https:\/\/waldkindergarten-berglen.de\/index.php?rest_route=\/wp\/v2\/posts"}],"about":[{"href":"https:\/\/waldkindergarten-berglen.de\/index.php?rest_route=\/wp\/v2\/types\/post"}],"author":[{"embeddable":true,"href":"https:\/\/waldkindergarten-berglen.de\/index.php?rest_route=\/wp\/v2\/users\/1"}],"replies":[{"embeddable":true,"href":"https:\/\/waldkindergarten-berglen.de\/index.php?rest_route=%2Fwp%2Fv2%2Fcomments&post=3252"}],"version-history":[{"count":0,"href":"https:\/\/waldkindergarten-berglen.de\/index.php?rest_route=\/wp\/v2\/posts\/3252\/revisions"}],"wp:featuredmedia":[{"embeddable":true,"href":"https:\/\/waldkindergarten-berglen.de\/index.php?rest_route=\/wp\/v2\/media\/3253"}],"wp:attachment":[{"href":"https:\/\/waldkindergarten-berglen.de\/index.php?rest_route=%2Fwp%2Fv2%2Fmedia&parent=3252"}],"wp:term":[{"taxonomy":"category","embeddable":true,"href":"https:\/\/waldkindergarten-berglen.de\/index.php?rest_route=%2Fwp%2Fv2%2Fcategories&post=3252"},{"taxonomy":"post_tag","embeddable":true,"href":"https:\/\/waldkindergarten-berglen.de\/index.php?rest_route=%2Fwp%2Fv2%2Ftags&post=3252"}],"curies":[{"name":"wp","href":"https:\/\/api.w.org\/{rel}","templated":true}]}}