{"id":3260,"date":"2017-01-09T08:05:18","date_gmt":"2017-01-09T08:05:18","guid":{"rendered":"http:\/\/waldkindergarten-berglen.de\/?p=3260"},"modified":"2017-01-09T08:05:18","modified_gmt":"2017-01-09T08:05:18","slug":"ein-fest-fuer-die-tiere","status":"publish","type":"post","link":"https:\/\/waldkindergarten-berglen.de\/?p=3260","title":{"rendered":"Ein Fest f\u00fcr die Tiere"},"content":{"rendered":"<p>Jedes Jahr, wenige Tage vor Weihnachten wenn sich alle Kinder schon sehr auf den geschm\u00fcckten Weihnachtsbaum mit all seinen Geschenken freuen, pflegen unsere Waldkinder ein wundersch\u00f6nes Ritual.<\/p>\n<p>Sie schenken den Waldtieren einen mit Leckereien bunt geschm\u00fcckten Weihnachtsbaum um Ihnen eine sch\u00f6ne Weihnachtszeit zu bescheren.<br \/>\nDoch dieser soll nicht irgendwo stehen. Er soll an einem Lieblingsplatz der Tiere stehen, an dem sie sich wohl f\u00fchlen.<\/p>\n<p>Und so machten sich die Spurendetektive auf die Suche und fanden tats\u00e4chlich einen ausgetretenen Tierpfad, dem sie leise nachschlichen.<br \/>\nAm Ende des Pfades standen drei Fichten in einer Gruppe.<br \/>\nDie perfekten Weihnachtsb\u00e4ume an einem Lieblingsplatz der Waldtiere.<\/p>\n<p>Nun packten die Kinder ihre reichen Sch\u00e4tze aus, die sie von zuhause mitgebracht hatten. Und jedes Kind durfte etwas f\u00fcr die Tiere an die Nadelb\u00e4ume h\u00e4ngen. So waren daraus schon bald pr\u00e4chtige, mit Karotten, hartem Brot, \u00c4pfeln, Meisenkn\u00f6deln, Heub\u00fcndeln u.v.m. geschm\u00fcckte Tierweihnachtsb\u00e4ume geworden.<\/p>\n<figure id=\"attachment_3263\" aria-describedby=\"caption-attachment-3263\" style=\"width: 300px\" class=\"wp-caption aligncenter\"><img loading=\"lazy\" decoding=\"async\" class=\"size-medium wp-image-3263\" src=\"http:\/\/waldkindergarten-berglen.de\/wp-content\/uploads\/2017\/01\/WeihnachtsbaeumeDerTiere-1-300x169.jpg\" alt=\"\" width=\"300\" height=\"169\" srcset=\"https:\/\/waldkindergarten-berglen.de\/wp-content\/uploads\/2017\/01\/WeihnachtsbaeumeDerTiere-1-300x169.jpg 300w, https:\/\/waldkindergarten-berglen.de\/wp-content\/uploads\/2017\/01\/WeihnachtsbaeumeDerTiere-1.jpg 534w\" sizes=\"auto, (max-width: 300px) 100vw, 300px\" \/><figcaption id=\"caption-attachment-3263\" class=\"wp-caption-text\">Weihnachtsb\u00e4ume der Tiere!<\/figcaption><\/figure>\n<p>Leise schlichen die Zwerge und Wichtel wieder zur\u00fcck auf den Waldweg.<br \/>\nUnd in diesen Tagen werden sie wieder leise zu den drei Fichten zur\u00fcckkehren, um nachzuschauen, ob die Tiere sich an Ihren Gaben erfreut haben.<\/p>\n<h4>Weihnachtsfeier der Waldkinder<\/h4>\n<p>Doch auch die Waldkinder feierten in ihrem Wald ein fr\u00f6hliches Weihnachtsfest.<br \/>\nZuerst gingen sie ein letztes Mal durch ihr Adventsg\u00e4rtchen um dort die letzte Adventsgeschichte vor den Weihnachtsferien zu h\u00f6ren.<\/p>\n<figure id=\"attachment_3261\" aria-describedby=\"caption-attachment-3261\" style=\"width: 169px\" class=\"wp-caption aligncenter\"><img loading=\"lazy\" decoding=\"async\" class=\"size-medium wp-image-3261\" src=\"http:\/\/waldkindergarten-berglen.de\/wp-content\/uploads\/2017\/01\/DasAdventsgaertchen-1-169x300.jpg\" alt=\"\" width=\"169\" height=\"300\" \/><figcaption id=\"caption-attachment-3261\" class=\"wp-caption-text\">Das Adventsg\u00e4rtchen!<\/figcaption><\/figure>\n<p>Diese handelte von einer kleinen Maus namens\u00a0 \u00abMatilda die Geschichtenmaus\u00bb.<br \/>\nIm Advent sammelt sie Geschichten. Mal erz\u00e4hlen ihr die B\u00e4ume oder die Sterne Geschichten und manchmal auch die Schneeflocken. Wenn man nur genau hinh\u00f6rt und zur rechten Zeit am rechten Ort ist, kann man die Geschichten h\u00f6ren.<br \/>\nIn diesem Advent sa\u00df sie wohl heimlich zwischen den Waldkindern im Adventsg\u00e4rtchen und lauschte deren Geschichten.<br \/>\nUnd sodann hat sie beschlossen, sich in eine zauberhafte blaue Traumkiste zu setzen und mit den Waldkindern mit nach Hause zu kommen in der Hoffnung, dass die Kinder gut auf sie acht geben und ihr hin und wieder eine Geschichte aus ihrem Tag erz\u00e4hlen. Und vielleicht h\u00f6ren die Kinder ja auch ihr mal zu. Sicher wird sie ihnen dann den einen oder anderen sch\u00f6nen Traum aus ihrer Traumkiste schicken.<\/p>\n<figure id=\"attachment_3262\" aria-describedby=\"caption-attachment-3262\" style=\"width: 170px\" class=\"wp-caption aligncenter\"><img loading=\"lazy\" decoding=\"async\" class=\"size-medium wp-image-3262\" src=\"http:\/\/waldkindergarten-berglen.de\/wp-content\/uploads\/2017\/01\/MatildaInDerTraumkiste-1-170x300.jpg\" alt=\"\" width=\"170\" height=\"300\" \/><figcaption id=\"caption-attachment-3262\" class=\"wp-caption-text\">Matilda in der Traumkiste!<\/figcaption><\/figure>\n<p>Mit der Traumkiste in der Hand ging es dann zum Festbuffet, welches von den Eltern am Morgen mitgebracht wurde. Und so schmausten die Wichtel und Zwerge fr\u00f6hlich miteinander und freuten sich auf das Wiedersehen im Neuen Jahr!<\/p>\n<p><strong>Vielen herzlichen Dank liebe Sandra, Guste, Elli, Hanan, Beate, Geli, Petra und Martina f\u00fcr Euer herzliches Engagement, Eure Freude und Liebe und den gro\u00dfen \u201eWaldschatz\u201c den Ihr den Kindern und ihren Eltern das ganze Jahr \u00fcber schenkt!<\/strong><\/p>\n<h4>Wussten Sie schon?<\/h4>\n<p>Dass weltweite wissenschaftliche Untersuchungen ergeben haben, dass B\u00e4ume und Pflanzen tats\u00e4chlich miteinander kommunizieren, sich so gegenseitig warnen und helfen und dieser Biophilia-Effekt auch auf uns Menschen wirkt?<\/p>\n","protected":false},"excerpt":{"rendered":"<p>Jedes Jahr, wenige Tage vor Weihnachten wenn sich alle Kinder schon sehr auf den geschm\u00fcckten Weihnachtsbaum mit all seinen Geschenken freuen, pflegen unsere Waldkinder ein wundersch\u00f6nes Ritual. Sie schenken den Waldtieren einen mit Leckereien bunt geschm\u00fcckten Weihnachtsbaum um Ihnen eine sch\u00f6ne Weihnachtszeit zu bescheren. Doch dieser soll nicht irgendwo stehen. Er soll an einem Lieblingsplatz&hellip; <a href=\"https:\/\/waldkindergarten-berglen.de\/?p=3260\" class=\"more-link\">Weiterlesen <span class=\"screen-reader-text\">Ein Fest f\u00fcr die Tiere<\/span><\/a><\/p>\n","protected":false},"author":1,"featured_media":0,"comment_status":"closed","ping_status":"closed","sticky":false,"template":"","format":"standard","meta":{"ngg_post_thumbnail":0,"_jetpack_memberships_contains_paid_content":false,"footnotes":""},"categories":[3],"tags":[],"class_list":["post-3260","post","type-post","status-publish","format-standard","hentry","category-berichte"],"jetpack_featured_media_url":"","jetpack_sharing_enabled":true,"_links":{"self":[{"href":"https:\/\/waldkindergarten-berglen.de\/index.php?rest_route=\/wp\/v2\/posts\/3260","targetHints":{"allow":["GET"]}}],"collection":[{"href":"https:\/\/waldkindergarten-berglen.de\/index.php?rest_route=\/wp\/v2\/posts"}],"about":[{"href":"https:\/\/waldkindergarten-berglen.de\/index.php?rest_route=\/wp\/v2\/types\/post"}],"author":[{"embeddable":true,"href":"https:\/\/waldkindergarten-berglen.de\/index.php?rest_route=\/wp\/v2\/users\/1"}],"replies":[{"embeddable":true,"href":"https:\/\/waldkindergarten-berglen.de\/index.php?rest_route=%2Fwp%2Fv2%2Fcomments&post=3260"}],"version-history":[{"count":0,"href":"https:\/\/waldkindergarten-berglen.de\/index.php?rest_route=\/wp\/v2\/posts\/3260\/revisions"}],"wp:attachment":[{"href":"https:\/\/waldkindergarten-berglen.de\/index.php?rest_route=%2Fwp%2Fv2%2Fmedia&parent=3260"}],"wp:term":[{"taxonomy":"category","embeddable":true,"href":"https:\/\/waldkindergarten-berglen.de\/index.php?rest_route=%2Fwp%2Fv2%2Fcategories&post=3260"},{"taxonomy":"post_tag","embeddable":true,"href":"https:\/\/waldkindergarten-berglen.de\/index.php?rest_route=%2Fwp%2Fv2%2Ftags&post=3260"}],"curies":[{"name":"wp","href":"https:\/\/api.w.org\/{rel}","templated":true}]}}