{"id":3366,"date":"2017-05-15T08:05:25","date_gmt":"2017-05-15T08:05:25","guid":{"rendered":"http:\/\/waldkindergarten-berglen.de\/?p=3366"},"modified":"2017-05-15T08:05:25","modified_gmt":"2017-05-15T08:05:25","slug":"regen-ist-ein-segen","status":"publish","type":"post","link":"https:\/\/waldkindergarten-berglen.de\/?p=3366","title":{"rendered":"Regen ist ein Segen"},"content":{"rendered":"<p>Auch wenn der andauernde Regen f\u00fcr manch ein Gem\u00fct nicht gerade erhebend ist, f\u00fcr das Leben in der Natur, ob Tiere oder Pflanzen, war er dringend notwendig!<\/p>\n<p>Denn da auch der Winter nicht viel Niederschlag brachte, sank der Grundwasserspiegel enorm.<br \/>\nUnd so litt auch unser Wald deutlich sichtbar.<\/p>\n<p>Wo sonst im M\u00e4rz der ganze Wald in hellem Gr\u00fcn leuchtet, waren dieses Jahr fast alle Laubb\u00e4ume noch kahl und braun!<br \/>\nDoch schon die erste Regenwoche brachte die Wende und w\u00e4hrend unsere Waldkinder mit gr\u00f6\u00dftem Vergn\u00fcgen Bachl\u00e4ufe formten, Kunstwerke aus Lehm konstruierten und mit voller Inbrunst in tiefe Pf\u00fctzen sprangen vollbrachten die Laubb\u00e4ume wahre Wunder und lie\u00dfen Tausende frische Bl\u00e4tter entstehen.<\/p>\n<p>Jetzt freuen sich die Waldkinder nicht nur \u00fcber das wundersch\u00f6ne frische Gr\u00fcn, sondern auch dar\u00fcber, dass der Wald nun mittels der Photosynthese wieder viel mehr Sauerstoff f\u00fcr uns alle herstellen kann.<\/p>\n<p>\u00dcber die Feuchtigkeit freuen sich aber auch die kleinen Steckm\u00fccken, die im Waldkindergarten aber einfach durch M\u00fcckenmittel oder Gesichtsmasken aus Matsch ferngehalten werden.<\/p>\n<figure id=\"attachment_3367\" aria-describedby=\"caption-attachment-3367\" style=\"width: 225px\" class=\"wp-caption aligncenter\"><img loading=\"lazy\" decoding=\"async\" class=\"size-medium wp-image-3367\" src=\"http:\/\/waldkindergarten-berglen.de\/wp-content\/uploads\/2017\/05\/NuetzlicheGesichtsmaske-1-225x300.jpg\" alt=\"\" width=\"225\" height=\"300\" \/><figcaption id=\"caption-attachment-3367\" class=\"wp-caption-text\">N\u00fctzliche Gesichtsmaske!<\/figcaption><\/figure>\n<p><em>Wussten Sie schon?<\/em><br \/>\n<em>Dass ein europ\u00e4ischer Laubbaum ca. 30 000 Bl\u00e4tter hat?<\/em><\/p>\n","protected":false},"excerpt":{"rendered":"<p>Auch wenn der andauernde Regen f\u00fcr manch ein Gem\u00fct nicht gerade erhebend ist, f\u00fcr das Leben in der Natur, ob Tiere oder Pflanzen, war er dringend notwendig! Denn da auch der Winter nicht viel Niederschlag brachte, sank der Grundwasserspiegel enorm. Und so litt auch unser Wald deutlich sichtbar. Wo sonst im M\u00e4rz der ganze Wald&hellip; <a href=\"https:\/\/waldkindergarten-berglen.de\/?p=3366\" class=\"more-link\">Weiterlesen <span class=\"screen-reader-text\">Regen ist ein Segen<\/span><\/a><\/p>\n","protected":false},"author":1,"featured_media":0,"comment_status":"closed","ping_status":"closed","sticky":false,"template":"","format":"standard","meta":{"ngg_post_thumbnail":0,"_jetpack_memberships_contains_paid_content":false,"footnotes":""},"categories":[3],"tags":[],"class_list":["post-3366","post","type-post","status-publish","format-standard","hentry","category-berichte"],"jetpack_featured_media_url":"","jetpack_sharing_enabled":true,"_links":{"self":[{"href":"https:\/\/waldkindergarten-berglen.de\/index.php?rest_route=\/wp\/v2\/posts\/3366","targetHints":{"allow":["GET"]}}],"collection":[{"href":"https:\/\/waldkindergarten-berglen.de\/index.php?rest_route=\/wp\/v2\/posts"}],"about":[{"href":"https:\/\/waldkindergarten-berglen.de\/index.php?rest_route=\/wp\/v2\/types\/post"}],"author":[{"embeddable":true,"href":"https:\/\/waldkindergarten-berglen.de\/index.php?rest_route=\/wp\/v2\/users\/1"}],"replies":[{"embeddable":true,"href":"https:\/\/waldkindergarten-berglen.de\/index.php?rest_route=%2Fwp%2Fv2%2Fcomments&post=3366"}],"version-history":[{"count":0,"href":"https:\/\/waldkindergarten-berglen.de\/index.php?rest_route=\/wp\/v2\/posts\/3366\/revisions"}],"wp:attachment":[{"href":"https:\/\/waldkindergarten-berglen.de\/index.php?rest_route=%2Fwp%2Fv2%2Fmedia&parent=3366"}],"wp:term":[{"taxonomy":"category","embeddable":true,"href":"https:\/\/waldkindergarten-berglen.de\/index.php?rest_route=%2Fwp%2Fv2%2Fcategories&post=3366"},{"taxonomy":"post_tag","embeddable":true,"href":"https:\/\/waldkindergarten-berglen.de\/index.php?rest_route=%2Fwp%2Fv2%2Ftags&post=3366"}],"curies":[{"name":"wp","href":"https:\/\/api.w.org\/{rel}","templated":true}]}}