{"id":3370,"date":"2017-05-22T08:05:30","date_gmt":"2017-05-22T08:05:30","guid":{"rendered":"http:\/\/waldkindergarten-berglen.de\/?p=3370"},"modified":"2017-05-22T08:05:30","modified_gmt":"2017-05-22T08:05:30","slug":"ein-festessen-im-gruenen","status":"publish","type":"post","link":"https:\/\/waldkindergarten-berglen.de\/?p=3370","title":{"rendered":"Ein Festessen im Gr\u00fcnen"},"content":{"rendered":"<p>Unsere Waldkinder haben ihre Mamas zum Muttertagsfest eingeladen. Wie immer waren die Vorbereitungen der Kinder hoch geheim und man sp\u00fcrte so richtig, mit wieviel Eifer und Vorfreude die Kinder dabei waren. Als die M\u00fctter dann am Festplatz eintrafen, wurden sie von ihren Kinder freudig begr\u00fc\u00dft und an eine festlich dekorierte Tafel gef\u00fchrt.<\/p>\n<figure id=\"attachment_3372\" aria-describedby=\"caption-attachment-3372\" style=\"width: 300px\" class=\"wp-caption aligncenter\"><img loading=\"lazy\" decoding=\"async\" class=\"size-medium wp-image-3372\" src=\"http:\/\/waldkindergarten-berglen.de\/wp-content\/uploads\/2017\/05\/Ein_Festessen_zum-_Muttertag-1-300x225.jpg\" alt=\"\" width=\"300\" height=\"225\" srcset=\"https:\/\/waldkindergarten-berglen.de\/wp-content\/uploads\/2017\/05\/Ein_Festessen_zum-_Muttertag-1-300x225.jpg 300w, https:\/\/waldkindergarten-berglen.de\/wp-content\/uploads\/2017\/05\/Ein_Festessen_zum-_Muttertag-1-1024x768.jpg 1024w, https:\/\/waldkindergarten-berglen.de\/wp-content\/uploads\/2017\/05\/Ein_Festessen_zum-_Muttertag-1-768x576.jpg 768w, https:\/\/waldkindergarten-berglen.de\/wp-content\/uploads\/2017\/05\/Ein_Festessen_zum-_Muttertag-1-1536x1152.jpg 1536w, https:\/\/waldkindergarten-berglen.de\/wp-content\/uploads\/2017\/05\/Ein_Festessen_zum-_Muttertag-1-2048x1536.jpg 2048w, https:\/\/waldkindergarten-berglen.de\/wp-content\/uploads\/2017\/05\/Ein_Festessen_zum-_Muttertag-1-1200x900.jpg 1200w, https:\/\/waldkindergarten-berglen.de\/wp-content\/uploads\/2017\/05\/Ein_Festessen_zum-_Muttertag-1-1980x1485.jpg 1980w\" sizes=\"auto, (max-width: 300px) 100vw, 300px\" \/><figcaption id=\"caption-attachment-3372\" class=\"wp-caption-text\">Ein Festessen zum Muttertag!<\/figcaption><\/figure>\n<p>Jedes Kind brachte seiner Mutter eine leckere Waldbowle. Dann servierten die Kinder den Hauptgang: Pasta mit B\u00e4rlauch-Pesto \u2013 einfach k\u00f6stlich! Zum Dessert noch Kaffee mit selbst gebackenen Keksen und alle waren gl\u00fccklich. Ein tolles Men\u00fc im Gr\u00fcnen \u2013 Danke liebe Kinder, eure Muttertags\u00fcberraschung war wunderbar!<\/p>\n<h4>\nUnser Meisterst\u00fcck: eine Blumenpresse<\/h4>\n<p>Unsere Fuchskinder (Vorsch\u00fcler) haben einige Zeit mit verschiedenen Werkzeugen an ihrem Werkst\u00fcck gearbeitet. Daraus entstanden ist eine Blumenpresse aus Holz mit Metallschrauben, die bestimmt noch lange gute Dienste leisten wird. Das habt ihr toll gemacht, liebe F\u00fcchse!<\/p>\n<figure id=\"attachment_3371\" aria-describedby=\"caption-attachment-3371\" style=\"width: 300px\" class=\"wp-caption aligncenter\"><img loading=\"lazy\" decoding=\"async\" class=\"size-medium wp-image-3371\" src=\"http:\/\/waldkindergarten-berglen.de\/wp-content\/uploads\/2017\/05\/Blumenpresse-1-300x225.jpg\" alt=\"\" width=\"300\" height=\"225\" srcset=\"https:\/\/waldkindergarten-berglen.de\/wp-content\/uploads\/2017\/05\/Blumenpresse-1-300x225.jpg 300w, https:\/\/waldkindergarten-berglen.de\/wp-content\/uploads\/2017\/05\/Blumenpresse-1-1024x768.jpg 1024w, https:\/\/waldkindergarten-berglen.de\/wp-content\/uploads\/2017\/05\/Blumenpresse-1-768x576.jpg 768w, https:\/\/waldkindergarten-berglen.de\/wp-content\/uploads\/2017\/05\/Blumenpresse-1-1536x1152.jpg 1536w, https:\/\/waldkindergarten-berglen.de\/wp-content\/uploads\/2017\/05\/Blumenpresse-1-2048x1536.jpg 2048w, https:\/\/waldkindergarten-berglen.de\/wp-content\/uploads\/2017\/05\/Blumenpresse-1-1200x900.jpg 1200w, https:\/\/waldkindergarten-berglen.de\/wp-content\/uploads\/2017\/05\/Blumenpresse-1-1980x1485.jpg 1980w\" sizes=\"auto, (max-width: 300px) 100vw, 300px\" \/><figcaption id=\"caption-attachment-3371\" class=\"wp-caption-text\">Blumenpresse!<\/figcaption><\/figure>\n<p><em>Wussten Sie schon?<\/em><br \/>\n<em>Dass die Pflanze Gundermann, (die bei uns auf Wiesen, B\u00f6schungen und in leichten W\u00e4ldern w\u00e4chst) in alten Zeiten als Bittermittel beim Bierbrauen verwendet wurde?<\/em><\/p>\n<h4>Neues aus der Waldspielgruppe<\/h4>\n<p>Am 3. Mai startete die Saison f\u00fcr die Zwei,- bis Dreij\u00e4hrigen um Waldluft zu schnuppern &#8211; und das Wetter war alles andere als einladend! 8 Grad und Regen forderten h\u00f6chste Motivation seitens der Mamas\u2026die Kinder allerdings fanden die entstandene \u201eSeenlandschaft\u201c h\u00f6chst interessant und diese bot allerlei Besch\u00e4ftigungsm\u00f6glichkeiten, so dass auch dieser Vormittag fr\u00f6hlich und schnell vor\u00fcber ging. Trockene Wechselkleidung und warme Socken wurden allerdings doch dankend angenommen\u2026<\/p>\n<figure id=\"attachment_3375\" aria-describedby=\"caption-attachment-3375\" style=\"width: 225px\" class=\"wp-caption aligncenter\"><img loading=\"lazy\" decoding=\"async\" class=\"size-medium wp-image-3375\" src=\"http:\/\/waldkindergarten-berglen.de\/wp-content\/uploads\/2017\/05\/Wasserfreuden-1-225x300.jpg\" alt=\"\" width=\"225\" height=\"300\" \/><figcaption id=\"caption-attachment-3375\" class=\"wp-caption-text\">Wasserfreuden<\/figcaption><\/figure>\n<p>10. Mai selbe Zeit, selber Ort und die Sonne strahlt vom Himmel!<\/p>\n<p>Freudig trafen wir uns im T-Shirt! auf unserem St\u00fcckle zum Morgenkreis. Das Thema Raupe besch\u00e4ftigte uns an diesem Tag und die Raupe Nimmersatt stattete uns einen Besuch ab. Nach einem Ausflug zum Kletterberg kehrten wir wieder zum Vesper aufs St\u00fcckle zur\u00fcck und im Anschluss wurden Raupen zum Hinterherziehen gebastelt.<\/p>\n<p>Und dann gingen alle Leut` nach Haus.<\/p>\n<figure id=\"attachment_3374\" aria-describedby=\"caption-attachment-3374\" style=\"width: 300px\" class=\"wp-caption aligncenter\"><img loading=\"lazy\" decoding=\"async\" class=\"size-medium wp-image-3374\" src=\"http:\/\/waldkindergarten-berglen.de\/wp-content\/uploads\/2017\/05\/Unsere-Raupe-Nimmersatt-1-300x225.jpg\" alt=\"\" width=\"300\" height=\"225\" srcset=\"https:\/\/waldkindergarten-berglen.de\/wp-content\/uploads\/2017\/05\/Unsere-Raupe-Nimmersatt-1-300x225.jpg 300w, https:\/\/waldkindergarten-berglen.de\/wp-content\/uploads\/2017\/05\/Unsere-Raupe-Nimmersatt-1.jpg 400w\" sizes=\"auto, (max-width: 300px) 100vw, 300px\" \/><figcaption id=\"caption-attachment-3374\" class=\"wp-caption-text\">Unsere Raupe Nimmersatt!<\/figcaption><\/figure>\n<p>17. Mai und Petrus war uns wieder wohlgesonnen. Das Thema Raupe und Schmetterling begleitete uns ein weiteres Mal. Danach ging es ab in den Wald zum kleinen Kletterberg. Nachdem der ausgiebig berutscht wurde k\u00e4mpfte sich unser Gr\u00fcppchen durch den Dschungel \u00fcber B\u00e4che zum gro\u00dfen Kletterberg. Dort entdeckten wir eine lange Ameisenstra\u00dfe, die r\u00fccksichtsvoll umgangen und interessiert beobachtet wurde.<\/p>\n<p>Ausgehungert kehrten wir zur dicken Berta zur\u00fcck, auf deren Waldsofa wir uns in gem\u00fctlicher Runde st\u00e4rkten. Aus sch\u00f6nen Servietten bastelten wir Schmetterlinge und danach erkundeten die Kinder im Freispiel den Wald.<\/p>\n<p>Gl\u00fccklich und zufrieden endete dieser Morgen leider wieder viel zu schnell.<\/p>\n<figure id=\"attachment_3373\" aria-describedby=\"caption-attachment-3373\" style=\"width: 225px\" class=\"wp-caption aligncenter\"><img loading=\"lazy\" decoding=\"async\" class=\"size-medium wp-image-3373\" src=\"http:\/\/waldkindergarten-berglen.de\/wp-content\/uploads\/2017\/05\/Freispiel-im-Laub-1-225x300.jpg\" alt=\"\" width=\"225\" height=\"300\" \/><figcaption id=\"caption-attachment-3373\" class=\"wp-caption-text\">Freispiel im Laub!<\/figcaption><\/figure>\n","protected":false},"excerpt":{"rendered":"<p>Unsere Waldkinder haben ihre Mamas zum Muttertagsfest eingeladen. Wie immer waren die Vorbereitungen der Kinder hoch geheim und man sp\u00fcrte so richtig, mit wieviel Eifer und Vorfreude die Kinder dabei waren. Als die M\u00fctter dann am Festplatz eintrafen, wurden sie von ihren Kinder freudig begr\u00fc\u00dft und an eine festlich dekorierte Tafel gef\u00fchrt. Jedes Kind brachte&hellip; <a href=\"https:\/\/waldkindergarten-berglen.de\/?p=3370\" class=\"more-link\">Weiterlesen <span class=\"screen-reader-text\">Ein Festessen im Gr\u00fcnen<\/span><\/a><\/p>\n","protected":false},"author":1,"featured_media":0,"comment_status":"closed","ping_status":"closed","sticky":false,"template":"","format":"standard","meta":{"ngg_post_thumbnail":0,"_jetpack_memberships_contains_paid_content":false,"footnotes":""},"categories":[3],"tags":[],"class_list":["post-3370","post","type-post","status-publish","format-standard","hentry","category-berichte"],"jetpack_featured_media_url":"","jetpack_sharing_enabled":true,"_links":{"self":[{"href":"https:\/\/waldkindergarten-berglen.de\/index.php?rest_route=\/wp\/v2\/posts\/3370","targetHints":{"allow":["GET"]}}],"collection":[{"href":"https:\/\/waldkindergarten-berglen.de\/index.php?rest_route=\/wp\/v2\/posts"}],"about":[{"href":"https:\/\/waldkindergarten-berglen.de\/index.php?rest_route=\/wp\/v2\/types\/post"}],"author":[{"embeddable":true,"href":"https:\/\/waldkindergarten-berglen.de\/index.php?rest_route=\/wp\/v2\/users\/1"}],"replies":[{"embeddable":true,"href":"https:\/\/waldkindergarten-berglen.de\/index.php?rest_route=%2Fwp%2Fv2%2Fcomments&post=3370"}],"version-history":[{"count":0,"href":"https:\/\/waldkindergarten-berglen.de\/index.php?rest_route=\/wp\/v2\/posts\/3370\/revisions"}],"wp:attachment":[{"href":"https:\/\/waldkindergarten-berglen.de\/index.php?rest_route=%2Fwp%2Fv2%2Fmedia&parent=3370"}],"wp:term":[{"taxonomy":"category","embeddable":true,"href":"https:\/\/waldkindergarten-berglen.de\/index.php?rest_route=%2Fwp%2Fv2%2Fcategories&post=3370"},{"taxonomy":"post_tag","embeddable":true,"href":"https:\/\/waldkindergarten-berglen.de\/index.php?rest_route=%2Fwp%2Fv2%2Ftags&post=3370"}],"curies":[{"name":"wp","href":"https:\/\/api.w.org\/{rel}","templated":true}]}}