{"id":3379,"date":"2017-05-29T08:05:46","date_gmt":"2017-05-29T08:05:46","guid":{"rendered":"http:\/\/waldkindergarten-berglen.de\/?p=3379"},"modified":"2017-05-29T08:05:46","modified_gmt":"2017-05-29T08:05:46","slug":"der-loewenzahn-kuendigt-uns-den-sommer-an","status":"publish","type":"post","link":"https:\/\/waldkindergarten-berglen.de\/?p=3379","title":{"rendered":"Der L\u00f6wenzahn k\u00fcndigt uns den Sommer an"},"content":{"rendered":"<p>\u00dcberall sehen ihn die Waldkinder schon bl\u00fchen: Den L\u00f6wenzahn!<br \/>\nDas macht nicht nur Lust, sie zu pfl\u00fccken um damit Blumenkronen und lange Wasserleitungen zu basteln und mit den Bl\u00fcten Gesichter zu schminken, sondern weckt auch den Wissensdurst!<br \/>\nUnd so starteten die Wichtel und Zwerge nun mit dem Thema \u201eL\u00f6wenzahn\u201c, um die einzige Blume, die in der Lage ist sich zu verwandeln, genauer kennenzulernen!<br \/>\nDas wird sicher sehr interessant werden!<\/p>\n<figure id=\"attachment_3384\" aria-describedby=\"caption-attachment-3384\" style=\"width: 300px\" class=\"wp-caption aligncenter\"><img loading=\"lazy\" decoding=\"async\" class=\"size-medium wp-image-3384\" src=\"http:\/\/waldkindergarten-berglen.de\/wp-content\/uploads\/2017\/05\/Und-jetzt-feste-Pusten-1-300x225.jpg\" alt=\"\" width=\"300\" height=\"225\" srcset=\"https:\/\/waldkindergarten-berglen.de\/wp-content\/uploads\/2017\/05\/Und-jetzt-feste-Pusten-1-300x225.jpg 300w, https:\/\/waldkindergarten-berglen.de\/wp-content\/uploads\/2017\/05\/Und-jetzt-feste-Pusten-1.jpg 400w\" sizes=\"auto, (max-width: 300px) 100vw, 300px\" \/><figcaption id=\"caption-attachment-3384\" class=\"wp-caption-text\">Und jetzt feste Pusten!<\/figcaption><\/figure>\n<p>Ein Hermelin lauscht dem Morgenkreis<br \/>\nFast w\u00e4re es unbemerkt geblieben, doch den wachsamen Augen der Wichtel entging es nicht: Ein kleines Hermelin!<br \/>\nEs schlich sich an der Graskante direkt neben dem Morgenkreis entlang, w\u00e4hrend die Kinder und ihre Erzieherinnen erz\u00e4hlten und sangen!<\/p>\n<p>&nbsp;<\/p>\n<figure id=\"attachment_3380\" aria-describedby=\"caption-attachment-3380\" style=\"width: 300px\" class=\"wp-caption aligncenter\"><img loading=\"lazy\" decoding=\"async\" class=\"size-medium wp-image-3380\" src=\"http:\/\/waldkindergarten-berglen.de\/wp-content\/uploads\/2017\/05\/EinHermelinZuBesuchImMorgenkreis-1-300x221.jpg\" alt=\"\" width=\"300\" height=\"221\" srcset=\"https:\/\/waldkindergarten-berglen.de\/wp-content\/uploads\/2017\/05\/EinHermelinZuBesuchImMorgenkreis-1-300x221.jpg 300w, https:\/\/waldkindergarten-berglen.de\/wp-content\/uploads\/2017\/05\/EinHermelinZuBesuchImMorgenkreis-1.jpg 407w\" sizes=\"auto, (max-width: 300px) 100vw, 300px\" \/><figcaption id=\"caption-attachment-3380\" class=\"wp-caption-text\">Ein Hermelin zu Besuch!<\/figcaption><\/figure>\n<p>Sch\u00f6n, dass uns immer wieder die verschiedensten Tiere im Morgenkreis besuchen kommen!<\/p>\n<p><em>Wussten Sie schon?<\/em><br \/>\n<em>Dass Hermeline, vor der gro\u00dffl\u00e4chigen Ausbreitung der Katzen, als M\u00e4usef\u00e4nger auf Bauernh\u00f6fen sehr beliebt waren?<\/em><\/p>\n<h4>Neues aus der Waldspielgruppe<\/h4>\n<p>Was waren wir dankbar ob des sch\u00f6nen Wetters am 24.5.2017! Fast vollz\u00e4hlig trafen wir uns zum Morgenkreis auf dem St\u00fcckle \u2013 diesmal waren sogar zwei Papas dabei.<\/p>\n<figure id=\"attachment_3381\" aria-describedby=\"caption-attachment-3381\" style=\"width: 300px\" class=\"wp-caption aligncenter\"><img loading=\"lazy\" decoding=\"async\" class=\"size-medium wp-image-3381\" src=\"http:\/\/waldkindergarten-berglen.de\/wp-content\/uploads\/2017\/05\/GeschichtenLauschenImSonnenschein-1-300x225.jpg\" alt=\"\" width=\"300\" height=\"225\" srcset=\"https:\/\/waldkindergarten-berglen.de\/wp-content\/uploads\/2017\/05\/GeschichtenLauschenImSonnenschein-1-300x225.jpg 300w, https:\/\/waldkindergarten-berglen.de\/wp-content\/uploads\/2017\/05\/GeschichtenLauschenImSonnenschein-1.jpg 400w\" sizes=\"auto, (max-width: 300px) 100vw, 300px\" \/><figcaption id=\"caption-attachment-3381\" class=\"wp-caption-text\">Geschichten lauschen im Sonnenschein!<\/figcaption><\/figure>\n<p>Heute besch\u00e4ftigte uns das Thema Spinne.<br \/>\nWir h\u00f6rten eine Geschichte \u00fcber die kleine Spinne, die Besuch von verschiedenen Tieren bekam und nach motorischer H\u00f6chstleistung mit dem Fingerspiel `Imse Wimse Spinne` gingen wir spontan, aufgrund der gro\u00dfen Nachfrage, zum Vesper \u00fcber \u2013 der Hunger war zu gro\u00df!<\/p>\n<p>Frisch gest\u00e4rkt besuchten wir unseren kleinen Kletterberg, der ausgiebig berutscht und beklettert wurde.<\/p>\n<p>&nbsp;<\/p>\n<figure id=\"attachment_3382\" aria-describedby=\"caption-attachment-3382\" style=\"width: 300px\" class=\"wp-caption aligncenter\"><img loading=\"lazy\" decoding=\"async\" class=\"size-medium wp-image-3382\" src=\"http:\/\/waldkindergarten-berglen.de\/wp-content\/uploads\/2017\/05\/HierIstGeschickGefragt-1-300x225.jpg\" alt=\"\" width=\"300\" height=\"225\" srcset=\"https:\/\/waldkindergarten-berglen.de\/wp-content\/uploads\/2017\/05\/HierIstGeschickGefragt-1-300x225.jpg 300w, https:\/\/waldkindergarten-berglen.de\/wp-content\/uploads\/2017\/05\/HierIstGeschickGefragt-1.jpg 400w\" sizes=\"auto, (max-width: 300px) 100vw, 300px\" \/><figcaption id=\"caption-attachment-3382\" class=\"wp-caption-text\">Hier ist Geschick gefragt!<\/figcaption><\/figure>\n<p>Durch den `Canyon` ging es dann weiter nach oben zum Wurzelplatz.<br \/>\nNicht ohne Herausforderung f\u00fcr die Kinderwagen schiebenden Mamas\u2026 doch gemeinsam sind wir stark.<\/p>\n<p>Dort angekommen bastelten wir uns unsere eigene Spinne um danach im Freispiel noch weitere im Laub zu entdecken.<\/p>\n<figure id=\"attachment_3383\" aria-describedby=\"caption-attachment-3383\" style=\"width: 300px\" class=\"wp-caption aligncenter\"><img loading=\"lazy\" decoding=\"async\" class=\"size-medium wp-image-3383\" src=\"http:\/\/waldkindergarten-berglen.de\/wp-content\/uploads\/2017\/05\/LauterTolleSpinnen-1-300x225.jpg\" alt=\"\" width=\"300\" height=\"225\" srcset=\"https:\/\/waldkindergarten-berglen.de\/wp-content\/uploads\/2017\/05\/LauterTolleSpinnen-1-300x225.jpg 300w, https:\/\/waldkindergarten-berglen.de\/wp-content\/uploads\/2017\/05\/LauterTolleSpinnen-1.jpg 400w\" sizes=\"auto, (max-width: 300px) 100vw, 300px\" \/><figcaption id=\"caption-attachment-3383\" class=\"wp-caption-text\">Lauter Spinnen!<\/figcaption><\/figure>\n<p>Und schon war auch dieser entdeckungsreiche Morgen wieder vorbei \u2013 leider.<\/p>\n<p>(F\u00fcr die Walspielgruppe: Nadja M\u00fcnster)<\/p>\n","protected":false},"excerpt":{"rendered":"<p>\u00dcberall sehen ihn die Waldkinder schon bl\u00fchen: Den L\u00f6wenzahn! Das macht nicht nur Lust, sie zu pfl\u00fccken um damit Blumenkronen und lange Wasserleitungen zu basteln und mit den Bl\u00fcten Gesichter zu schminken, sondern weckt auch den Wissensdurst! Und so starteten die Wichtel und Zwerge nun mit dem Thema \u201eL\u00f6wenzahn\u201c, um die einzige Blume, die in&hellip; <a href=\"https:\/\/waldkindergarten-berglen.de\/?p=3379\" class=\"more-link\">Weiterlesen <span class=\"screen-reader-text\">Der L\u00f6wenzahn k\u00fcndigt uns den Sommer an<\/span><\/a><\/p>\n","protected":false},"author":1,"featured_media":0,"comment_status":"closed","ping_status":"closed","sticky":false,"template":"","format":"standard","meta":{"ngg_post_thumbnail":0,"_jetpack_memberships_contains_paid_content":false,"footnotes":""},"categories":[3],"tags":[],"class_list":["post-3379","post","type-post","status-publish","format-standard","hentry","category-berichte"],"jetpack_featured_media_url":"","jetpack_sharing_enabled":true,"_links":{"self":[{"href":"https:\/\/waldkindergarten-berglen.de\/index.php?rest_route=\/wp\/v2\/posts\/3379","targetHints":{"allow":["GET"]}}],"collection":[{"href":"https:\/\/waldkindergarten-berglen.de\/index.php?rest_route=\/wp\/v2\/posts"}],"about":[{"href":"https:\/\/waldkindergarten-berglen.de\/index.php?rest_route=\/wp\/v2\/types\/post"}],"author":[{"embeddable":true,"href":"https:\/\/waldkindergarten-berglen.de\/index.php?rest_route=\/wp\/v2\/users\/1"}],"replies":[{"embeddable":true,"href":"https:\/\/waldkindergarten-berglen.de\/index.php?rest_route=%2Fwp%2Fv2%2Fcomments&post=3379"}],"version-history":[{"count":0,"href":"https:\/\/waldkindergarten-berglen.de\/index.php?rest_route=\/wp\/v2\/posts\/3379\/revisions"}],"wp:attachment":[{"href":"https:\/\/waldkindergarten-berglen.de\/index.php?rest_route=%2Fwp%2Fv2%2Fmedia&parent=3379"}],"wp:term":[{"taxonomy":"category","embeddable":true,"href":"https:\/\/waldkindergarten-berglen.de\/index.php?rest_route=%2Fwp%2Fv2%2Fcategories&post=3379"},{"taxonomy":"post_tag","embeddable":true,"href":"https:\/\/waldkindergarten-berglen.de\/index.php?rest_route=%2Fwp%2Fv2%2Ftags&post=3379"}],"curies":[{"name":"wp","href":"https:\/\/api.w.org\/{rel}","templated":true}]}}