{"id":3398,"date":"2017-06-26T08:05:44","date_gmt":"2017-06-26T08:05:44","guid":{"rendered":"http:\/\/waldkindergarten-berglen.de\/?p=3398"},"modified":"2017-06-26T08:05:44","modified_gmt":"2017-06-26T08:05:44","slug":"wir-gehen-ab-zur-feuerwehr","status":"publish","type":"post","link":"https:\/\/waldkindergarten-berglen.de\/?p=3398","title":{"rendered":"Wir gehen ab zur Feuerwehr"},"content":{"rendered":"<h3>Wir gehen ab zur Feuerwehr<\/h3>\n<p>War das eine Freude, als die Erzieherinnen unseren Wichteln und Zwergen erz\u00e4hlten, dass ein Ausflug zur Feuerwehr bevorsteht!<\/p>\n<p>Denn die zwei Waldkindergarten- Papas Christof Stiefel und Samuel M\u00fcller luden die Waldkinder ein, zu ihnen in die Feuerwache nach Steinach zu kommen!<\/p>\n<p>Und so d\u00fcsten die Jungs und M\u00e4dels letzten Freitag, wie die Feuerwehr nach Steinach hinunter!<\/p>\n<p>Schon von weitem sahen sie zwei L\u00f6schfahrzeuge auf dem Hof stehen. Diese durften sie nach einer kurzen Begr\u00fc\u00dfung dann auch ganz genau anschauen und bekamen die gesamte Ausr\u00fcstung gezeigt und genau erkl\u00e4rt.<\/p>\n<figure id=\"attachment_3404\" aria-describedby=\"caption-attachment-3404\" style=\"width: 300px\" class=\"wp-caption aligncenter\"><img loading=\"lazy\" decoding=\"async\" class=\"size-medium wp-image-3404\" src=\"http:\/\/waldkindergarten-berglen.de\/wp-content\/uploads\/2017\/06\/WasSoAllesInEinFeuerwehrautoReinpasst-1-300x225.jpg\" alt=\"\" width=\"300\" height=\"225\" srcset=\"https:\/\/waldkindergarten-berglen.de\/wp-content\/uploads\/2017\/06\/WasSoAllesInEinFeuerwehrautoReinpasst-1-300x225.jpg 300w, https:\/\/waldkindergarten-berglen.de\/wp-content\/uploads\/2017\/06\/WasSoAllesInEinFeuerwehrautoReinpasst-1.jpg 400w\" sizes=\"auto, (max-width: 300px) 100vw, 300px\" \/><figcaption id=\"caption-attachment-3404\" class=\"wp-caption-text\">Was so alles in ein Feuerwehrauto passt!<\/figcaption><\/figure>\n<p>Sogar die Einsatzzentrale durften sie besichtigen und erfuhren so, wie und wo ein Notruf ankommt und was dann alles passiert, damit die Feuerwehrleute auch schnell zum Einsatzort kommen!<\/p>\n<figure id=\"attachment_3401\" aria-describedby=\"caption-attachment-3401\" style=\"width: 300px\" class=\"wp-caption aligncenter\"><img loading=\"lazy\" decoding=\"async\" class=\"size-medium wp-image-3401\" src=\"http:\/\/waldkindergarten-berglen.de\/wp-content\/uploads\/2017\/06\/HierWerdenDieEins\u00e4tzeKoordiniert-1-300x225.jpg\" alt=\"\" width=\"300\" height=\"225\" srcset=\"https:\/\/waldkindergarten-berglen.de\/wp-content\/uploads\/2017\/06\/HierWerdenDieEins\u00e4tzeKoordiniert-1-300x225.jpg 300w, https:\/\/waldkindergarten-berglen.de\/wp-content\/uploads\/2017\/06\/HierWerdenDieEins\u00e4tzeKoordiniert-1.jpg 400w\" sizes=\"auto, (max-width: 300px) 100vw, 300px\" \/><figcaption id=\"caption-attachment-3401\" class=\"wp-caption-text\">Hier werden die Eins\u00e4tze koordiniert!<\/figcaption><\/figure>\n<p>Besonders spannend war es f\u00fcr die Kinder einmal in einem richtigen Feuerwehrauto sitzen zu d\u00fcrfen. Und sich wie ein echter Feuerwehrmann zu f\u00fchlen!<\/p>\n<figure id=\"attachment_3399\" aria-describedby=\"caption-attachment-3399\" style=\"width: 300px\" class=\"wp-caption aligncenter\"><img loading=\"lazy\" decoding=\"async\" class=\"size-medium wp-image-3399\" src=\"http:\/\/waldkindergarten-berglen.de\/wp-content\/uploads\/2017\/06\/DasSindSicherDieChefpl\u00e4tze-1-300x225.jpg\" alt=\"\" width=\"300\" height=\"225\" srcset=\"https:\/\/waldkindergarten-berglen.de\/wp-content\/uploads\/2017\/06\/DasSindSicherDieChefpl\u00e4tze-1-300x225.jpg 300w, https:\/\/waldkindergarten-berglen.de\/wp-content\/uploads\/2017\/06\/DasSindSicherDieChefpl\u00e4tze-1.jpg 400w\" sizes=\"auto, (max-width: 300px) 100vw, 300px\" \/><figcaption id=\"caption-attachment-3399\" class=\"wp-caption-text\">Das sind sicher die Chefpl\u00e4tze!<\/figcaption><\/figure>\n<p>Doch ein echter Feuerwehrmann muss auch die richtige Kleidung tragen und l\u00f6schen! Also los ging es zu den Spints wo alle mal einen Helm oder auch eine Jacke anziehen durften.<\/p>\n<p>Und dann war es Zeit zum L\u00f6schen!<\/p>\n<p>Wasser marsch hie\u00df es und schon hatten alle kleinen H\u00e4nde m\u00e4chtig zu tun, um mit ihrem Wasserschlauch das Zielrohr am Modelhaus zu treffen.<\/p>\n<figure id=\"attachment_3402\" aria-describedby=\"caption-attachment-3402\" style=\"width: 300px\" class=\"wp-caption aligncenter\"><img loading=\"lazy\" decoding=\"async\" class=\"size-medium wp-image-3402\" src=\"http:\/\/waldkindergarten-berglen.de\/wp-content\/uploads\/2017\/06\/IstDasSchwerGenauZuTreffen-1-300x225.jpg\" alt=\"\" width=\"300\" height=\"225\" srcset=\"https:\/\/waldkindergarten-berglen.de\/wp-content\/uploads\/2017\/06\/IstDasSchwerGenauZuTreffen-1-300x225.jpg 300w, https:\/\/waldkindergarten-berglen.de\/wp-content\/uploads\/2017\/06\/IstDasSchwerGenauZuTreffen-1.jpg 400w\" sizes=\"auto, (max-width: 300px) 100vw, 300px\" \/><figcaption id=\"caption-attachment-3402\" class=\"wp-caption-text\">Ist das schwer genau zu treffen!<\/figcaption><\/figure>\n<p>Bei so viel Anstrengung kommt man m\u00e4chtig ins Schwitzen und so durften die Wichtel und Zwerge nach ihrem L\u00f6scheinsatz erst einmal ein paar Runden durch den speziell daf\u00fcr aufgebauten Wassersprinkler sausen, bevor sie dann wieder in trockenen Kleidern zu leckeren W\u00fcrstchen mit Brezeln und Apfelschorle eingeladen wurden!<\/p>\n<p><strong>Vielen herzlichen Dank lieber Christof und lieber Samuel f\u00fcr diesen gro\u00dfartigen Vormittag! Die Freude und die Erinnerung daran wird den Kindern sicher noch lange in Erinnerung bleiben!<\/strong><\/p>\n<p>&nbsp;<\/p>\n","protected":false},"excerpt":{"rendered":"<p>Wir gehen ab zur Feuerwehr War das eine Freude, als die Erzieherinnen unseren Wichteln und Zwergen erz\u00e4hlten, dass ein Ausflug zur Feuerwehr bevorsteht! Denn die zwei Waldkindergarten- Papas Christof Stiefel und Samuel M\u00fcller luden die Waldkinder ein, zu ihnen in die Feuerwache nach Steinach zu kommen! Und so d\u00fcsten die Jungs und M\u00e4dels letzten Freitag,&hellip; <a href=\"https:\/\/waldkindergarten-berglen.de\/?p=3398\" class=\"more-link\">Weiterlesen <span class=\"screen-reader-text\">Wir gehen ab zur Feuerwehr<\/span><\/a><\/p>\n","protected":false},"author":1,"featured_media":0,"comment_status":"closed","ping_status":"closed","sticky":false,"template":"","format":"standard","meta":{"ngg_post_thumbnail":0,"_jetpack_memberships_contains_paid_content":false,"footnotes":""},"categories":[3],"tags":[],"class_list":["post-3398","post","type-post","status-publish","format-standard","hentry","category-berichte"],"jetpack_featured_media_url":"","jetpack_sharing_enabled":true,"_links":{"self":[{"href":"https:\/\/waldkindergarten-berglen.de\/index.php?rest_route=\/wp\/v2\/posts\/3398","targetHints":{"allow":["GET"]}}],"collection":[{"href":"https:\/\/waldkindergarten-berglen.de\/index.php?rest_route=\/wp\/v2\/posts"}],"about":[{"href":"https:\/\/waldkindergarten-berglen.de\/index.php?rest_route=\/wp\/v2\/types\/post"}],"author":[{"embeddable":true,"href":"https:\/\/waldkindergarten-berglen.de\/index.php?rest_route=\/wp\/v2\/users\/1"}],"replies":[{"embeddable":true,"href":"https:\/\/waldkindergarten-berglen.de\/index.php?rest_route=%2Fwp%2Fv2%2Fcomments&post=3398"}],"version-history":[{"count":0,"href":"https:\/\/waldkindergarten-berglen.de\/index.php?rest_route=\/wp\/v2\/posts\/3398\/revisions"}],"wp:attachment":[{"href":"https:\/\/waldkindergarten-berglen.de\/index.php?rest_route=%2Fwp%2Fv2%2Fmedia&parent=3398"}],"wp:term":[{"taxonomy":"category","embeddable":true,"href":"https:\/\/waldkindergarten-berglen.de\/index.php?rest_route=%2Fwp%2Fv2%2Fcategories&post=3398"},{"taxonomy":"post_tag","embeddable":true,"href":"https:\/\/waldkindergarten-berglen.de\/index.php?rest_route=%2Fwp%2Fv2%2Ftags&post=3398"}],"curies":[{"name":"wp","href":"https:\/\/api.w.org\/{rel}","templated":true}]}}