{"id":3423,"date":"2017-07-10T08:05:44","date_gmt":"2017-07-10T08:05:44","guid":{"rendered":"http:\/\/waldkindergarten-berglen.de\/?p=3423"},"modified":"2017-07-10T08:05:44","modified_gmt":"2017-07-10T08:05:44","slug":"ein-sommerfest-mit-viel-spass-und-etwas-wehmut","status":"publish","type":"post","link":"https:\/\/waldkindergarten-berglen.de\/?p=3423","title":{"rendered":"Ein Sommerfest mit viel Spa\u00df und etwas Wehmut"},"content":{"rendered":"<p>Bei allersch\u00f6nstem Sommerwetter begr\u00fc\u00dfte vergangenen Sonntag der Vorstandsvorsitzende Marc Heutig alle Waldkinder mit ihren Eltern, Geschwistern und einigen Gro\u00dfeltern, sowie unsere gro\u00dfartigen Erzieherinnen und Drittkr\u00e4fte zum diesj\u00e4hrigen Sommerfest!<\/p>\n<p>Dann lie\u00dfen die Erzieherinnen das vergangene Kindergartenjahr mit all seinen Themen, Erlebnissen, Ausfl\u00fcgen und Aktionen Revue passieren! Gro\u00dfe Spinnennetze zwischen den B\u00e4umen hielten diese sch\u00f6nen Erinnerungen in Wort und Bild f\u00fcr alle fest!<\/p>\n<figure id=\"attachment_3424\" aria-describedby=\"caption-attachment-3424\" style=\"width: 300px\" class=\"wp-caption aligncenter\"><img loading=\"lazy\" decoding=\"async\" class=\"wp-image-3424 size-medium\" src=\"http:\/\/waldkindergarten-berglen.de\/wp-content\/uploads\/2017\/07\/NetzeDerErinnerung-1-300x225.jpg\" alt=\"\" width=\"300\" height=\"225\" srcset=\"https:\/\/waldkindergarten-berglen.de\/wp-content\/uploads\/2017\/07\/NetzeDerErinnerung-1-300x225.jpg 300w, https:\/\/waldkindergarten-berglen.de\/wp-content\/uploads\/2017\/07\/NetzeDerErinnerung-1.jpg 400w\" sizes=\"auto, (max-width: 300px) 100vw, 300px\" \/><figcaption id=\"caption-attachment-3424\" class=\"wp-caption-text\">Netze der Erinnerung!<\/figcaption><\/figure>\n<p>Bevor sich alle am reichhaltigen Buffet bedienen und den Mittag bei Spiel und guter Unterhaltung genie\u00dfen durften, war es dem Vorstand noch eine Herzensangelegenheit drei von unseren \u201eGro\u00dfen\u201c ganz besonders zu ehren. Denn unsere Erzieherin Sandra und die beiden Drittkr\u00e4fte Beate und Geli feiern dieses Jahr ihr 15. Waldkindergarten- Jubil\u00e4um!<\/p>\n<p><strong>Herzlichen Gl\u00fcckwunsch und vielen herzlichen Dank von all den Kindern und Eltern, denen Ihr in den letzten 15 Jahren einen einzigartigen Herz- und Seelenschatz f\u00fcrs Leben geschenkt habt!!<\/strong><\/p>\n<p>Sandra, die ab den Sommerferien in die Babypause geht, w\u00fcnschen wir eine gute und wundersch\u00f6ne Zeit mit Ihrer Familie zuhause und freuen uns riesig \u00fcber ein baldiges Wiedersehen!<\/p>\n<p><em>Wussten Sie schon?<\/em><\/p>\n<p><em>Dass Spinnenseide, bezogen auf ihre Masse, viermal so belastbar ist wie Stahl und dabei um das Dreifache ihrer L\u00e4nge gezogen werden kann, ohne zu rei\u00dfen?<\/em><\/p>\n<p>&nbsp;<\/p>\n<p>&nbsp;<\/p>\n<p>&nbsp;<\/p>\n<p>&nbsp;<\/p>\n<p>&nbsp;<\/p>\n","protected":false},"excerpt":{"rendered":"<p>Bei allersch\u00f6nstem Sommerwetter begr\u00fc\u00dfte vergangenen Sonntag der Vorstandsvorsitzende Marc Heutig alle Waldkinder mit ihren Eltern, Geschwistern und einigen Gro\u00dfeltern, sowie unsere gro\u00dfartigen Erzieherinnen und Drittkr\u00e4fte zum diesj\u00e4hrigen Sommerfest! Dann lie\u00dfen die Erzieherinnen das vergangene Kindergartenjahr mit all seinen Themen, Erlebnissen, Ausfl\u00fcgen und Aktionen Revue passieren! Gro\u00dfe Spinnennetze zwischen den B\u00e4umen hielten diese sch\u00f6nen Erinnerungen in&hellip; <a href=\"https:\/\/waldkindergarten-berglen.de\/?p=3423\" class=\"more-link\">Weiterlesen <span class=\"screen-reader-text\">Ein Sommerfest mit viel Spa\u00df und etwas Wehmut<\/span><\/a><\/p>\n","protected":false},"author":1,"featured_media":0,"comment_status":"closed","ping_status":"closed","sticky":false,"template":"","format":"standard","meta":{"ngg_post_thumbnail":0,"_jetpack_memberships_contains_paid_content":false,"footnotes":""},"categories":[3],"tags":[],"class_list":["post-3423","post","type-post","status-publish","format-standard","hentry","category-berichte"],"jetpack_featured_media_url":"","jetpack_sharing_enabled":true,"_links":{"self":[{"href":"https:\/\/waldkindergarten-berglen.de\/index.php?rest_route=\/wp\/v2\/posts\/3423","targetHints":{"allow":["GET"]}}],"collection":[{"href":"https:\/\/waldkindergarten-berglen.de\/index.php?rest_route=\/wp\/v2\/posts"}],"about":[{"href":"https:\/\/waldkindergarten-berglen.de\/index.php?rest_route=\/wp\/v2\/types\/post"}],"author":[{"embeddable":true,"href":"https:\/\/waldkindergarten-berglen.de\/index.php?rest_route=\/wp\/v2\/users\/1"}],"replies":[{"embeddable":true,"href":"https:\/\/waldkindergarten-berglen.de\/index.php?rest_route=%2Fwp%2Fv2%2Fcomments&post=3423"}],"version-history":[{"count":0,"href":"https:\/\/waldkindergarten-berglen.de\/index.php?rest_route=\/wp\/v2\/posts\/3423\/revisions"}],"wp:attachment":[{"href":"https:\/\/waldkindergarten-berglen.de\/index.php?rest_route=%2Fwp%2Fv2%2Fmedia&parent=3423"}],"wp:term":[{"taxonomy":"category","embeddable":true,"href":"https:\/\/waldkindergarten-berglen.de\/index.php?rest_route=%2Fwp%2Fv2%2Fcategories&post=3423"},{"taxonomy":"post_tag","embeddable":true,"href":"https:\/\/waldkindergarten-berglen.de\/index.php?rest_route=%2Fwp%2Fv2%2Ftags&post=3423"}],"curies":[{"name":"wp","href":"https:\/\/api.w.org\/{rel}","templated":true}]}}