{"id":3482,"date":"2017-07-17T08:05:21","date_gmt":"2017-07-17T08:05:21","guid":{"rendered":"http:\/\/waldkindergarten-berglen.de\/?p=3482"},"modified":"2017-07-17T08:05:21","modified_gmt":"2017-07-17T08:05:21","slug":"kreative-spiele-im-sommerwald","status":"publish","type":"post","link":"https:\/\/waldkindergarten-berglen.de\/?p=3482","title":{"rendered":"Kreative Spiele im Sommerwald"},"content":{"rendered":"<p>Das durchwachsene und feuchtere Wetter der letzten Tage war unseren Waldkindern h\u00f6chst willkommen, denn so konnten sie sich mal wieder mit ihrem geliebten Lehm besch\u00e4ftigen. Daraus formten sie besonders gerne \u201ePfannkuchen\u201c, denn das \u201eM\u00e4rchen vom dicken fetten Pfannkuchen\u201c regte unsere Waldkinder zum intensiven Nachspielen der Geschichte an.<\/p>\n<p>Es ist immer wieder toll zu sehen, wie unsere Kinder im Wald ganz ohne vorgefertigtes Spielzeug, nur mit dem, was ihnen die nat\u00fcrliche Umgebung bietet, kreativ und selbstvergessen spielen.<\/p>\n<figure id=\"attachment_3484\" aria-describedby=\"caption-attachment-3484\" style=\"width: 300px\" class=\"wp-caption aligncenter\"><img loading=\"lazy\" decoding=\"async\" class=\"size-medium wp-image-3484\" src=\"http:\/\/waldkindergarten-berglen.de\/wp-content\/uploads\/2017\/07\/Wir_backen_Pfannkuchen-2-1-1-300x225.jpg\" alt=\"\" width=\"300\" height=\"225\" \/><figcaption id=\"caption-attachment-3484\" class=\"wp-caption-text\">Wir backen Pfannkuchen!<\/figcaption><\/figure>\n<h3>Eine unverge\u00dfliche Nacht f\u00fcr unsere F\u00fcchse<\/h3>\n<p>Darauf haben unsere Vorsch\u00fcler, die F\u00fcchse, schon lange gewartet: ihre Nachtwanderung mit Kindergarten\u00fcbernachtung.<\/p>\n<p>Als sie am Abend von ihren Eltern zum Treffpunkt gebracht wurden, war die freudige Aufregung riesengro\u00df. Zuerst suchten sich alle ihren Schlafplatz und legten Isomatten, Schlafs\u00e4cke sowie Kuscheltiere aus. Dann ein heftiges Umarmen beim Abschied von den Eltern, aber das leckere Pizza-Abendessen und das anschlie\u00dfende n\u00e4chtliche Abenteuer mit ihren lieben Erzieherinnen und Drittkr\u00e4ften machten jeglichen Abschiedsschmerz bald vergessen!<\/p>\n<figure id=\"attachment_3483\" aria-describedby=\"caption-attachment-3483\" style=\"width: 300px\" class=\"wp-caption aligncenter\"><img loading=\"lazy\" decoding=\"async\" class=\"size-medium wp-image-3483\" src=\"http:\/\/waldkindergarten-berglen.de\/wp-content\/uploads\/2017\/07\/St\u00e4rkung_f\u00fcr_die_Nachtwanderung-1-2-1-1-300x225.jpg\" alt=\"\" width=\"300\" height=\"225\" \/><figcaption id=\"caption-attachment-3483\" class=\"wp-caption-text\">St\u00e4rkung f\u00fcr die Nachtwanderung!<\/figcaption><\/figure>\n<p>Bei Einbruch der Dunkelheit starteten sie zu ihrer Nachtwanderung. Sie passierten verschiedene Stationen, die ein wenig Mut und Geschicklichkeit erforderten. So \u00fcberquerten sie z. B. eine \u201eSchlucht\u201c mittels einer gespannten Slackline und fingen \u201eFr\u00f6sche\u201c (aus Fruchtgummi) in einem gro\u00dfen Rohr. Als sie zu ihren Schlafpl\u00e4tzen zur\u00fcckkehrten war es schon ganz dunkel. Nat\u00fcrlich dauerte es nach einem so aufregenden Abend noch eine ganze Weile bis im Schlafraum kein Kichern und Murmeln mehr zu h\u00f6ren war und alle Kinder in ihren Schlafs\u00e4cken schlummerten. Nach dem Fr\u00fchst\u00fcck am n\u00e4chsten Morgen nahmen die Eltern ihre m\u00fcden, aber stolzen Abenteurer wieder in Empfang.<\/p>\n<p><em>Wussten Sie schon?<\/em><\/p>\n<p><em>Wenn aus dem Wald Regendampf aufstieg, erz\u00e4hlte man fr\u00fcher den Kindern in unserer Gegend so oder \u00e4hnlich: \u201eJetzt backet d\u2019Hasa Schnidda\u201c. Auf Hochdeutsch: \u201eJetzt backen die Hasen Schnitten\u201c.<\/em><\/p>\n","protected":false},"excerpt":{"rendered":"<p>Das durchwachsene und feuchtere Wetter der letzten Tage war unseren Waldkindern h\u00f6chst willkommen, denn so konnten sie sich mal wieder mit ihrem geliebten Lehm besch\u00e4ftigen. Daraus formten sie besonders gerne \u201ePfannkuchen\u201c, denn das \u201eM\u00e4rchen vom dicken fetten Pfannkuchen\u201c regte unsere Waldkinder zum intensiven Nachspielen der Geschichte an. Es ist immer wieder toll zu sehen, wie&hellip; <a href=\"https:\/\/waldkindergarten-berglen.de\/?p=3482\" class=\"more-link\">Weiterlesen <span class=\"screen-reader-text\">Kreative Spiele im Sommerwald<\/span><\/a><\/p>\n","protected":false},"author":1,"featured_media":0,"comment_status":"closed","ping_status":"closed","sticky":false,"template":"","format":"standard","meta":{"ngg_post_thumbnail":0,"_jetpack_memberships_contains_paid_content":false,"footnotes":""},"categories":[3],"tags":[],"class_list":["post-3482","post","type-post","status-publish","format-standard","hentry","category-berichte"],"jetpack_featured_media_url":"","jetpack_sharing_enabled":true,"_links":{"self":[{"href":"https:\/\/waldkindergarten-berglen.de\/index.php?rest_route=\/wp\/v2\/posts\/3482","targetHints":{"allow":["GET"]}}],"collection":[{"href":"https:\/\/waldkindergarten-berglen.de\/index.php?rest_route=\/wp\/v2\/posts"}],"about":[{"href":"https:\/\/waldkindergarten-berglen.de\/index.php?rest_route=\/wp\/v2\/types\/post"}],"author":[{"embeddable":true,"href":"https:\/\/waldkindergarten-berglen.de\/index.php?rest_route=\/wp\/v2\/users\/1"}],"replies":[{"embeddable":true,"href":"https:\/\/waldkindergarten-berglen.de\/index.php?rest_route=%2Fwp%2Fv2%2Fcomments&post=3482"}],"version-history":[{"count":0,"href":"https:\/\/waldkindergarten-berglen.de\/index.php?rest_route=\/wp\/v2\/posts\/3482\/revisions"}],"wp:attachment":[{"href":"https:\/\/waldkindergarten-berglen.de\/index.php?rest_route=%2Fwp%2Fv2%2Fmedia&parent=3482"}],"wp:term":[{"taxonomy":"category","embeddable":true,"href":"https:\/\/waldkindergarten-berglen.de\/index.php?rest_route=%2Fwp%2Fv2%2Fcategories&post=3482"},{"taxonomy":"post_tag","embeddable":true,"href":"https:\/\/waldkindergarten-berglen.de\/index.php?rest_route=%2Fwp%2Fv2%2Ftags&post=3482"}],"curies":[{"name":"wp","href":"https:\/\/api.w.org\/{rel}","templated":true}]}}