{"id":3522,"date":"2017-09-25T08:05:28","date_gmt":"2017-09-25T06:05:28","guid":{"rendered":"http:\/\/waldkindergarten-berglen.de\/?p=3522"},"modified":"2020-04-13T00:52:20","modified_gmt":"2020-04-12T22:52:20","slug":"unsere-neuen-maeuschen-sind-angekommen","status":"publish","type":"post","link":"https:\/\/waldkindergarten-berglen.de\/?p=3522","title":{"rendered":"Unsere neuen M\u00e4uschen sind angekommen"},"content":{"rendered":"<p>Die zweite Kindergartenwoche nach den Ferien war ganz sch\u00f6n spannend! Drei neue Kinder sind nun nacheinander in der Zwergengruppe in ihre Kindergartenzeit gestartet.<br \/>\nIm Morgenkreis wurden sie herzlich begr\u00fc\u00dft und es wurde ihnen \u201eihr Stein\u201c gezeigt, auf welchem sie k\u00fcnftig morgens Platz nehmen d\u00fcrfen. Dank der liebevollen Eingew\u00f6hnung durch unsere Erzieherinnen fiel allen dreien der Abschied von der Mama bald nicht mehr schwer und sie waren voller Begeisterung mit den gro\u00dfen Kindern im Wald unterwegs.<\/p>\n<figure id=\"attachment_3524\" aria-describedby=\"caption-attachment-3524\" style=\"width: 4000px\" class=\"wp-caption alignnone\"><img loading=\"lazy\" decoding=\"async\" class=\"wp-image-3524 size-full\" src=\"http:\/\/waldkindergarten-berglen.de\/wp-content\/uploads\/2017\/09\/Schon-richtig-gut-angekommen-1-1.jpg\" alt=\"\" width=\"4000\" height=\"3000\" \/><figcaption id=\"caption-attachment-3524\" class=\"wp-caption-text\">Schon richtig gut angekommen!<\/figcaption><\/figure>\n<p>&nbsp;<\/p>\n<h3>Eine tierische Zeit im Waldkindergarten<\/h3>\n<p>Im Morgenkreis wurde neben den gewohnten Ritualen wie dem Begr\u00fc\u00dfungslied, dem \u201eKreisel\u201c zum gemeinsamen Z\u00e4hlen der Kinder und der Erz\u00e4hlrunde auch geschaut, wer nun schon zu den gr\u00f6\u00dferen Kindern geh\u00f6rt. Die dreij\u00e4hrigen Kinder starten als \u201eM\u00e4uschen\u201c, im vorletzten Kindergartenjahr werden sie dann zu \u201eEichh\u00f6rnchen\u201c und als Vorschulkinder sind sie \u201eF\u00fcchse\u201c. Es waren ganz sch\u00f6n stolze Gesichter zu sehen, dass man nun ein Eichh\u00f6rnchen oder gar ein Fuchs geworden ist. Und wie aufs Stichwort kam der erste tierische Besuch der Woche\u2026 ein Eichh\u00f6rnchen hatte wohl seinen Namen geh\u00f6rt und blieb neugierig den gesamten Morgenkreis \u00fcber in der N\u00e4he. Da das Thema, welches die Kinder in der kommenden Zeit mit ihren Erzieherinnen behandeln werden, \u201eErnte\u201c ist, beschloss die Kindergartengruppe, dass man die N\u00fcsse, \u00c4pfel und Birnen, welche den Morgenkreis schm\u00fcckten, f\u00fcr die Tiere liegen lassen w\u00fcrde. Am Mittag war schon ein bisschen etwas davon angeknabbert worden, man konnte sogar die kleinen Zahnabdr\u00fccke des kleinen Waldbewohners erkennen. Am n\u00e4chsten Morgen konnten es die Kinder kaum erwarten nachzusehen, was von den Leckereien noch \u00fcbriggeblieben war. Es fehlten ein paar N\u00fcsschen und das Obst war auch flei\u00dfig angenagt worden. Die Kinder freuten sich sehr, dass ihre \u00dcberraschung f\u00fcr die Tiere so gut angekommen ist.<\/p>\n<figure id=\"attachment_3523\" aria-describedby=\"caption-attachment-3523\" style=\"width: 1032px\" class=\"wp-caption alignnone\"><img loading=\"lazy\" decoding=\"async\" class=\"wp-image-3523 size-full\" src=\"http:\/\/waldkindergarten-berglen.de\/wp-content\/uploads\/2017\/09\/Ereignisreicher-Morgenkreis-1-1.jpg\" alt=\"\" width=\"1032\" height=\"581\" \/><figcaption id=\"caption-attachment-3523\" class=\"wp-caption-text\">Ereignisreicher Morgenkreis<\/figcaption><\/figure>\n<p>Es kamen in dieser Woche noch ein M\u00e4usebussard und ein Eichelh\u00e4her vorbei und lie\u00dfen sich aus n\u00e4chster N\u00e4he von den Kindern betrachten. Als dann auch noch zwei gro\u00dfe Libellen von einem Baum mitten in den Morgenkreis plumpsten und minutenlang sitzen blieben bis sie wieder davon flogen, war das Staunen riesengro\u00df. So eingehend hatten die Kinder diese sch\u00f6nen Tiere noch nie betrachten k\u00f6nnen. So ging eine tierische Woche im Waldkindergarten zu Ende und alle freuen sich darauf, was die Natur in der n\u00e4chsten Zeit f\u00fcr sie bereith\u00e4lt.<\/p>\n<p><em>Wussten Sie schon?<br \/>\n<\/em><em>Eichh\u00f6rnchen k\u00f6nnen jeden Tag mehr als die H\u00e4lfte ihres K\u00f6rpergewichts an Nahrung aufnehmen.<\/em><\/p>\n<p>&nbsp;<\/p>\n","protected":false},"excerpt":{"rendered":"<p>Die zweite Kindergartenwoche nach den Ferien war ganz sch\u00f6n spannend! Drei neue Kinder sind nun nacheinander in der Zwergengruppe in ihre Kindergartenzeit gestartet. Im Morgenkreis wurden sie herzlich begr\u00fc\u00dft und es wurde ihnen \u201eihr Stein\u201c gezeigt, auf welchem sie k\u00fcnftig morgens Platz nehmen d\u00fcrfen. Dank der liebevollen Eingew\u00f6hnung durch unsere Erzieherinnen fiel allen dreien der&hellip; <a href=\"https:\/\/waldkindergarten-berglen.de\/?p=3522\" class=\"more-link\">Weiterlesen <span class=\"screen-reader-text\">Unsere neuen M\u00e4uschen sind angekommen<\/span><\/a><\/p>\n","protected":false},"author":7,"featured_media":0,"comment_status":"closed","ping_status":"closed","sticky":false,"template":"","format":"standard","meta":{"ngg_post_thumbnail":0,"_jetpack_memberships_contains_paid_content":false,"footnotes":""},"categories":[3],"tags":[],"class_list":["post-3522","post","type-post","status-publish","format-standard","hentry","category-berichte"],"jetpack_featured_media_url":"","jetpack_sharing_enabled":true,"_links":{"self":[{"href":"https:\/\/waldkindergarten-berglen.de\/index.php?rest_route=\/wp\/v2\/posts\/3522","targetHints":{"allow":["GET"]}}],"collection":[{"href":"https:\/\/waldkindergarten-berglen.de\/index.php?rest_route=\/wp\/v2\/posts"}],"about":[{"href":"https:\/\/waldkindergarten-berglen.de\/index.php?rest_route=\/wp\/v2\/types\/post"}],"author":[{"embeddable":true,"href":"https:\/\/waldkindergarten-berglen.de\/index.php?rest_route=\/wp\/v2\/users\/7"}],"replies":[{"embeddable":true,"href":"https:\/\/waldkindergarten-berglen.de\/index.php?rest_route=%2Fwp%2Fv2%2Fcomments&post=3522"}],"version-history":[{"count":1,"href":"https:\/\/waldkindergarten-berglen.de\/index.php?rest_route=\/wp\/v2\/posts\/3522\/revisions"}],"predecessor-version":[{"id":6631,"href":"https:\/\/waldkindergarten-berglen.de\/index.php?rest_route=\/wp\/v2\/posts\/3522\/revisions\/6631"}],"wp:attachment":[{"href":"https:\/\/waldkindergarten-berglen.de\/index.php?rest_route=%2Fwp%2Fv2%2Fmedia&parent=3522"}],"wp:term":[{"taxonomy":"category","embeddable":true,"href":"https:\/\/waldkindergarten-berglen.de\/index.php?rest_route=%2Fwp%2Fv2%2Fcategories&post=3522"},{"taxonomy":"post_tag","embeddable":true,"href":"https:\/\/waldkindergarten-berglen.de\/index.php?rest_route=%2Fwp%2Fv2%2Ftags&post=3522"}],"curies":[{"name":"wp","href":"https:\/\/api.w.org\/{rel}","templated":true}]}}