{"id":3533,"date":"2017-10-16T08:05:24","date_gmt":"2017-10-16T06:05:24","guid":{"rendered":"http:\/\/waldkindergarten-berglen.de\/?p=3533"},"modified":"2020-04-13T00:53:13","modified_gmt":"2020-04-12T22:53:13","slug":"kann-man-mit-pilzen-schreiben","status":"publish","type":"post","link":"https:\/\/waldkindergarten-berglen.de\/?p=3533","title":{"rendered":"Kann man mit Pilzen schreiben?"},"content":{"rendered":"<p>Seit einer Woche dreht sich in unserem Waldkindergarten alles um die Pilze!<\/p>\n<p>Dabei erfuhren die Wichtel und Zwerge, dass es sowohl giftige, wie auch essbare Pilze gibt und es viele Merkmale gibt, an denen man Pilze unterscheiden kann.<\/p>\n<p>So suchten sie verschiedene Pilze und sahen sie sich genau an, um zu ermitteln, ob es sich um einen Schwamm-, R\u00f6hren- oder Lamellenpilz handelt!<\/p>\n<p>Dabei gingen sie sehr behutsam und nur mit St\u00f6ckchen an die Pilze heran. Denn, dass jeder einzelne Pilz f\u00fcr die verschiedensten Tierarten wertvolles Futter darstellt, haben die Waldkinder schon gelernt!<\/p>\n<p>Bei ihrer Entdeckungstour trafen sie auch auf einen alten Schopf-Tintling!<\/p>\n<p>Die Erzieherinnen legten ein wei\u00dfes Blatt Papier unter seinen Hut, damit alle Kinder sehen konnten, wie dieser seine tintenartige Fl\u00fcssigkeit vom Hutrand tropfen l\u00e4sst, um so seine Sporen zu verbreiten!<\/p>\n<figure id=\"attachment_3534\" aria-describedby=\"caption-attachment-3534\" style=\"width: 225px\" class=\"wp-caption aligncenter\"><img loading=\"lazy\" decoding=\"async\" class=\"size-medium wp-image-3534\" src=\"http:\/\/waldkindergarten-berglen.de\/wp-content\/uploads\/2017\/09\/DieTinteTropftUnentwegt-1-225x300.jpg\" alt=\"\" width=\"225\" height=\"300\" \/><figcaption id=\"caption-attachment-3534\" class=\"wp-caption-text\">Die Tinte tropft unentwegt!<\/figcaption><\/figure>\n<p>Da fragten sich die Kinder, wieviel Tinte wohl aus dem Pilz tropft, bis sich der Hut und die Lamellen g\u00e4nzlich aufgel\u00f6st haben und ob man mit dieser Tinte wohl schreiben kann!<\/p>\n<figure id=\"attachment_3535\" aria-describedby=\"caption-attachment-3535\" style=\"width: 300px\" class=\"wp-caption aligncenter\"><img loading=\"lazy\" decoding=\"async\" class=\"size-medium wp-image-3535\" src=\"http:\/\/waldkindergarten-berglen.de\/wp-content\/uploads\/2017\/09\/DerPilzLoestSichvorUnserenAugenAuf-1-300x225.jpg\" alt=\"\" width=\"300\" height=\"225\" srcset=\"https:\/\/waldkindergarten-berglen.de\/wp-content\/uploads\/2017\/09\/DerPilzLoestSichvorUnserenAugenAuf-1-300x225.jpg 300w, https:\/\/waldkindergarten-berglen.de\/wp-content\/uploads\/2017\/09\/DerPilzLoestSichvorUnserenAugenAuf-1.jpg 400w\" sizes=\"auto, (max-width: 300px) 100vw, 300px\" \/><figcaption id=\"caption-attachment-3535\" class=\"wp-caption-text\">Der Pilz l\u00f6st sich vor unseren Augen auf!<\/figcaption><\/figure>\n<p>Also stellten sie einen kleinen Becher unter den Hut um die Tinte einzufangen!<\/p>\n<p>Als die Wichtel am n\u00e4chsten Tag wieder nach dem Pilz sahen, war dieser schon wieder kleiner geworden und der kleine Becher fast gef\u00fcllt!<\/p>\n<p>Danach testeten die Kinder mit ihren Erzieherinnen aus, ob man mit dieser Tinte auch schreiben kann. Und tats\u00e4chlich es funktionierte!<\/p>\n<p>Ein tolles Experiment, dem noch viele weitere folgen werden!<\/p>\n<p>&nbsp;<\/p>\n<h3>Leckere Pilzpfanne f\u00fcr alle<\/h3>\n<p>Wie lecker Pilze auch f\u00fcr uns Menschen sein k\u00f6nnen, durften die Waldkinder anhand einer selbst gekochten Pilzpfanne testen!<\/p>\n<p>Flei\u00dfig schnitten sie viele Champignons, Petersilie und Zwiebeln.<\/p>\n<figure id=\"attachment_3536\" aria-describedby=\"caption-attachment-3536\" style=\"width: 225px\" class=\"wp-caption aligncenter\"><img loading=\"lazy\" decoding=\"async\" class=\"size-medium wp-image-3536\" src=\"http:\/\/waldkindergarten-berglen.de\/wp-content\/uploads\/2017\/09\/DiePilzeSchneidenWirSelbst-1-225x300.jpg\" alt=\"\" width=\"225\" height=\"300\" \/><figcaption id=\"caption-attachment-3536\" class=\"wp-caption-text\">Die Pilze schneiden wir selbst!<\/figcaption><\/figure>\n<p>Dann d\u00fcnsteten die Erzieherinnen alles in einer Pfanne auf dem Grill und w\u00fcrzten das Ganze noch mit Salz und Pfeffer!<\/p>\n<p>Das schmeckte allen richtig gut!<\/p>\n<p>Selbst denen, die zuhause sonst keine Pilze im Teller m\u00f6gen!<\/p>\n<p><strong><em>Wussten Sie schon?<\/em><\/strong><\/p>\n<p><strong><em>Dass der Schopf- Tintling kleine Fadenw\u00fcrmer erbeuten und verdauen kann, indem er Fangorgane ausbildet, die ein Toxin ausscheiden, welches die Fadenw\u00fcrmer unbeweglich macht, um sie danach mit seinem Myzel (Pilzflaum) zu besiedeln und innerhalb weniger Tage zu verdauen?<\/em><\/strong><\/p>\n","protected":false},"excerpt":{"rendered":"<p>Seit einer Woche dreht sich in unserem Waldkindergarten alles um die Pilze! Dabei erfuhren die Wichtel und Zwerge, dass es sowohl giftige, wie auch essbare Pilze gibt und es viele Merkmale gibt, an denen man Pilze unterscheiden kann. So suchten sie verschiedene Pilze und sahen sie sich genau an, um zu ermitteln, ob es sich&hellip; <a href=\"https:\/\/waldkindergarten-berglen.de\/?p=3533\" class=\"more-link\">Weiterlesen <span class=\"screen-reader-text\">Kann man mit Pilzen schreiben?<\/span><\/a><\/p>\n","protected":false},"author":7,"featured_media":0,"comment_status":"closed","ping_status":"closed","sticky":false,"template":"","format":"standard","meta":{"ngg_post_thumbnail":0,"_jetpack_memberships_contains_paid_content":false,"footnotes":""},"categories":[3],"tags":[],"class_list":["post-3533","post","type-post","status-publish","format-standard","hentry","category-berichte"],"jetpack_featured_media_url":"","jetpack_sharing_enabled":true,"_links":{"self":[{"href":"https:\/\/waldkindergarten-berglen.de\/index.php?rest_route=\/wp\/v2\/posts\/3533","targetHints":{"allow":["GET"]}}],"collection":[{"href":"https:\/\/waldkindergarten-berglen.de\/index.php?rest_route=\/wp\/v2\/posts"}],"about":[{"href":"https:\/\/waldkindergarten-berglen.de\/index.php?rest_route=\/wp\/v2\/types\/post"}],"author":[{"embeddable":true,"href":"https:\/\/waldkindergarten-berglen.de\/index.php?rest_route=\/wp\/v2\/users\/7"}],"replies":[{"embeddable":true,"href":"https:\/\/waldkindergarten-berglen.de\/index.php?rest_route=%2Fwp%2Fv2%2Fcomments&post=3533"}],"version-history":[{"count":1,"href":"https:\/\/waldkindergarten-berglen.de\/index.php?rest_route=\/wp\/v2\/posts\/3533\/revisions"}],"predecessor-version":[{"id":6634,"href":"https:\/\/waldkindergarten-berglen.de\/index.php?rest_route=\/wp\/v2\/posts\/3533\/revisions\/6634"}],"wp:attachment":[{"href":"https:\/\/waldkindergarten-berglen.de\/index.php?rest_route=%2Fwp%2Fv2%2Fmedia&parent=3533"}],"wp:term":[{"taxonomy":"category","embeddable":true,"href":"https:\/\/waldkindergarten-berglen.de\/index.php?rest_route=%2Fwp%2Fv2%2Fcategories&post=3533"},{"taxonomy":"post_tag","embeddable":true,"href":"https:\/\/waldkindergarten-berglen.de\/index.php?rest_route=%2Fwp%2Fv2%2Ftags&post=3533"}],"curies":[{"name":"wp","href":"https:\/\/api.w.org\/{rel}","templated":true}]}}