{"id":387,"date":"2016-01-11T12:00:38","date_gmt":"2016-01-11T12:00:38","guid":{"rendered":"http:\/\/waldkindergarten-berglen.de\/?p=387"},"modified":"2016-01-11T12:00:38","modified_gmt":"2016-01-11T12:00:38","slug":"start-ins-neue-jahr","status":"publish","type":"post","link":"https:\/\/waldkindergarten-berglen.de\/?p=387","title":{"rendered":"Start ins neue Jahr"},"content":{"rendered":"<p><strong>Wir w\u00fcnschen allen ein wundersch\u00f6nes, gutes und gesundes Jahr 2016!<\/strong><\/p>\n<p>Und wie k\u00f6nnte ein Start besser gelingen als mit strahlenden Kinderaugen, erwartungsvollen Gesichtern und und der gro\u00dfen Wiedersehensfreude bei Gro\u00df und Klein.<\/p>\n<p>In den letzten zweieinhalb Wochen haben die Kinder viel erlebt, haben vielleicht neue Bekanntschaften und Erfahrungen gemacht.<br \/>\nDeshalb bekommen unsere Waldkinder erst einmal viel Raum um alle Neuigkeiten und Erlebnisse auszutauschen, in Ruhe wieder im Wald anzukommen und neu zueinander zu finden.<\/p>\n<p>Wir freuen uns auf das Miteinander der folgenden Monate!<\/p>\n<p><em>Wussten Sie schon?<\/em><br \/>\n<em>Dass die Luft im Wald so staubarm ist wie sonst nur am Meer oder im Gebirge und sie nur 1-10% soviel Staub enth\u00e4lt wie Stadtluft?<\/em><\/p>\n","protected":false},"excerpt":{"rendered":"<p>Wir w\u00fcnschen allen ein wundersch\u00f6nes, gutes und gesundes Jahr 2016! Und wie k\u00f6nnte ein Start besser gelingen als mit strahlenden Kinderaugen, erwartungsvollen Gesichtern und und der gro\u00dfen Wiedersehensfreude bei Gro\u00df und Klein. In den letzten zweieinhalb Wochen haben die Kinder viel erlebt, haben vielleicht neue Bekanntschaften und Erfahrungen gemacht. Deshalb bekommen unsere Waldkinder erst einmal&hellip; <a href=\"https:\/\/waldkindergarten-berglen.de\/?p=387\" class=\"more-link\">Weiterlesen <span class=\"screen-reader-text\">Start ins neue Jahr<\/span><\/a><\/p>\n","protected":false},"author":1,"featured_media":0,"comment_status":"closed","ping_status":"closed","sticky":false,"template":"","format":"standard","meta":{"ngg_post_thumbnail":0,"_jetpack_memberships_contains_paid_content":false,"footnotes":""},"categories":[3],"tags":[],"class_list":["post-387","post","type-post","status-publish","format-standard","hentry","category-berichte"],"jetpack_featured_media_url":"","jetpack_sharing_enabled":true,"_links":{"self":[{"href":"https:\/\/waldkindergarten-berglen.de\/index.php?rest_route=\/wp\/v2\/posts\/387","targetHints":{"allow":["GET"]}}],"collection":[{"href":"https:\/\/waldkindergarten-berglen.de\/index.php?rest_route=\/wp\/v2\/posts"}],"about":[{"href":"https:\/\/waldkindergarten-berglen.de\/index.php?rest_route=\/wp\/v2\/types\/post"}],"author":[{"embeddable":true,"href":"https:\/\/waldkindergarten-berglen.de\/index.php?rest_route=\/wp\/v2\/users\/1"}],"replies":[{"embeddable":true,"href":"https:\/\/waldkindergarten-berglen.de\/index.php?rest_route=%2Fwp%2Fv2%2Fcomments&post=387"}],"version-history":[{"count":0,"href":"https:\/\/waldkindergarten-berglen.de\/index.php?rest_route=\/wp\/v2\/posts\/387\/revisions"}],"wp:attachment":[{"href":"https:\/\/waldkindergarten-berglen.de\/index.php?rest_route=%2Fwp%2Fv2%2Fmedia&parent=387"}],"wp:term":[{"taxonomy":"category","embeddable":true,"href":"https:\/\/waldkindergarten-berglen.de\/index.php?rest_route=%2Fwp%2Fv2%2Fcategories&post=387"},{"taxonomy":"post_tag","embeddable":true,"href":"https:\/\/waldkindergarten-berglen.de\/index.php?rest_route=%2Fwp%2Fv2%2Ftags&post=387"}],"curies":[{"name":"wp","href":"https:\/\/api.w.org\/{rel}","templated":true}]}}