{"id":4019,"date":"2017-10-23T08:05:39","date_gmt":"2017-10-23T06:05:39","guid":{"rendered":"http:\/\/waldkindergarten-berglen.de\/?p=4019"},"modified":"2020-04-13T00:53:04","modified_gmt":"2020-04-12T22:53:04","slug":"grosses-basteln-auf-wald-und-wiesen","status":"publish","type":"post","link":"https:\/\/waldkindergarten-berglen.de\/?p=4019","title":{"rendered":"Gro\u00dfes Basteln auf Wald und Wiesen"},"content":{"rendered":"<h3>Ein wundersch\u00f6nes Pilzkunstwerk entsteht<\/h3>\n<p>Zum Abschluss unseres hei\u00df geliebten Pilzthemas haben sich die Erzieherinnen etwas Tolles ausgedacht! Jedes Kind durfte sich aus einem Rindenschiffchen, drei St\u00f6ckchen, drei Eichelk\u00e4ppchen und Moos ein tolles Gesteck basteln und es mit nach Hause nehmen. Voller Eifer begannen die Kinder, alle Materialien im Wald zu sammeln.<\/p>\n<p>Ganz sch\u00f6n viel Arbeit, so ein Kunstwerk. Zuerst wurden die Eichenk\u00e4ppchen rot angemalt. Anschlie\u00dfend bekamen die Fliegenpilze ihre wei\u00dfen P\u00fcnktchen.<\/p>\n<figure id=\"attachment_4021\" aria-describedby=\"caption-attachment-4021\" style=\"width: 3000px\" class=\"wp-caption alignnone\"><img loading=\"lazy\" decoding=\"async\" class=\"size-full wp-image-4021\" src=\"http:\/\/waldkindergarten-berglen.de\/wp-content\/uploads\/2017\/10\/Auf-der-Wiese-im-Sonnenschein-werden-die-Pilzk\u00e4ppchen-bemalt-e1508692804400-1-1.jpg\" alt=\"\" width=\"3000\" height=\"4000\"><figcaption id=\"caption-attachment-4021\" class=\"wp-caption-text\">Auf der Wiese im Sonnenschein werden die Pilzk\u00e4ppchen bemalt<\/figcaption><\/figure>\n<p>Mit vollem K\u00f6rpereinsatz wurden L\u00f6cher in die Rindenschiffchen gebohrt. Die kleinen St\u00f6ckchen wurden in die L\u00f6cher geklebt und die K\u00e4ppchen auf den St\u00f6ckchen befestigt.<\/p>\n<figure id=\"attachment_4023\" aria-describedby=\"caption-attachment-4023\" style=\"width: 4000px\" class=\"wp-caption alignnone\"><img loading=\"lazy\" decoding=\"async\" class=\"size-full wp-image-4023\" src=\"http:\/\/waldkindergarten-berglen.de\/wp-content\/uploads\/2017\/10\/Flei\u00dfig-werden-L\u00f6cher-gebohrt-und-St\u00f6ckchen-darin-festgeklebt-1-1.jpg\" alt=\"\" width=\"4000\" height=\"3000\"><figcaption id=\"caption-attachment-4023\" class=\"wp-caption-text\">Flei\u00dfig werden L\u00f6cher gebohrt und St\u00f6ckchen darin festgeklebt<\/figcaption><\/figure>\n<p>Zu guter Letzt wurde Moos drumherum geklebt und fertig war ein wundersch\u00f6ner Blickfang f\u00fcrs Fensterbrett!<\/p>\n<figure id=\"attachment_4022\" aria-describedby=\"caption-attachment-4022\" style=\"width: 4000px\" class=\"wp-caption alignnone\"><img loading=\"lazy\" decoding=\"async\" class=\"size-full wp-image-4022\" src=\"http:\/\/waldkindergarten-berglen.de\/wp-content\/uploads\/2017\/10\/Ein-Moosteppich-gubt-dem-Kunstwerk-den-letzten-Schliff-1-1.jpg\" alt=\"\" width=\"4000\" height=\"3000\"><figcaption id=\"caption-attachment-4022\" class=\"wp-caption-text\">Ein Moosteppich gibt dem Kunstwerk den letzten Schliff<\/figcaption><\/figure>\n<h3>10 kleine K\u00fcrbisgeister\u2026<\/h3>\n<p>Das Thema der n\u00e4chsten Zeit ist der K\u00fcrbis. Ganz begeistert haben die Kinder im Morgenkreis dieses neue Thema mit den Erzieherinnen erarbeitet.<br \/>\nAn einem Morgen wurde ein kleiner K\u00fcrbis mit Hilfe eines W\u00fcrfelspiels ausgeh\u00f6hlt. Am Ende wurde eine K\u00fcrbislaterne daraus, indem noch Muster hineingeschnitzt und eine Kerze hineingestellt wurde. Da war die Freude gro\u00df!<br \/>\nSp\u00e4ter wurde eine leckere K\u00fcrbissuppe zubereitet und nat\u00fcrlich auch verspeist!<br \/>\nAn einem anderen Morgen wurde ein lustiges Bewegungsspiel gespielt. In diesem Spiel zu der Melodie von \u201eZehn kleine Zappelm\u00e4nner\u201c sind die Kinder kleine K\u00fcrbiszwerge! Sie tanzen und poltern durch die Nacht und wollen K\u00fcrbisgeister sein. War das ein Spa\u00df!!!<\/p>\n<p>Ende der Woche starteten nun die Vorbereitungen f\u00fcrs Laternenfest, das auch das Thema K\u00fcrbis hat! Wie die Laternen aussehen werden, wird aber noch nicht verraten!<br \/>\nW\u00e4hrend die einen basteln, spielen die Anderen \u201eMutter-Vater-Kind\u201c im selbstgebauten Haus<\/p>\n<figure id=\"attachment_4024\" aria-describedby=\"caption-attachment-4024\" style=\"width: 4000px\" class=\"wp-caption alignnone\"><img loading=\"lazy\" decoding=\"async\" class=\"size-full wp-image-4024\" src=\"http:\/\/waldkindergarten-berglen.de\/wp-content\/uploads\/2017\/10\/Mutter-Vater-Kind-Spiel-im-selbstgebauten-Haus-1-1.jpg\" alt=\"\" width=\"4000\" height=\"3000\"><figcaption id=\"caption-attachment-4024\" class=\"wp-caption-text\">Mutter-Vater-Kind-Spiel im selbstgebauten Haus<\/figcaption><\/figure>\n<p>oder h\u00e4ngen auf dem St\u00fcckle \u201erum\u201c.<\/p>\n<figure id=\"attachment_4020\" aria-describedby=\"caption-attachment-4020\" style=\"width: 3000px\" class=\"wp-caption alignnone\"><img loading=\"lazy\" decoding=\"async\" class=\"size-full wp-image-4020\" src=\"http:\/\/waldkindergarten-berglen.de\/wp-content\/uploads\/2017\/10\/RUMH\u00c4NGEN-auf-dem-St\u00fcckle-e1508692822448-1-1.jpg\" alt=\"\" width=\"3000\" height=\"4000\"><figcaption id=\"caption-attachment-4020\" class=\"wp-caption-text\">RUMH\u00c4NGEN auf dem St\u00fcckle<\/figcaption><\/figure>\n<p>Was f\u00fcr ein Leben!<\/p>\n<p><strong>Jahreshauptversammlung 2017<\/strong><\/p>\n<p>&nbsp;<\/p>\n<p>Vergangenen Freitag fand eine rundum gelungene Jahreshauptversammlung in gem\u00fctlicher Runde im Rathaus in Reichenbach statt.<\/p>\n<p>Aus dem Vorstand ausgeschieden sind Annette W\u00f6hrle und Jens Aupperle. Neu gew\u00e4hlt wurden Yvonne Oelschl\u00e4ger als Schatzmeisterin und Kathrin Bahler als Beisitzerin und Zeckenbeauftragte. Wir hei\u00dfen die neuen Vorstandsmitglieder herzlich willkommen und freuen uns, dass sich nach wie vor so viele Eltern mit gro\u00dfem Einsatz f\u00fcr den Waldkindergarten einsetzen.<\/p>\n<p><em>Wussten Sie schon<\/em><br \/>\n<em>Zierk\u00fcrbisse enthalten eine gro\u00dfe Menge Cucurbitacin, ein Bitterstoff, der \u00dcberkeit und Durchfall verursacht und der auch beim Kochen nicht verschwindet. Speisek\u00fcrbisse k\u00f6nnen das Cucurbitacin von benachbarten Zierk\u00fcrbissen aufnehmen und so kann es im Garten auch in Speisek\u00fcrbisse gelangen. Deshalb bitter schmeckende K\u00fcrbisse lieber nicht essen.<\/em><\/p>\n","protected":false},"excerpt":{"rendered":"<p>Ein wundersch\u00f6nes Pilzkunstwerk entsteht Zum Abschluss unseres hei\u00df geliebten Pilzthemas haben sich die Erzieherinnen etwas Tolles ausgedacht! Jedes Kind durfte sich aus einem Rindenschiffchen, drei St\u00f6ckchen, drei Eichelk\u00e4ppchen und Moos ein tolles Gesteck basteln und es mit nach Hause nehmen. Voller Eifer begannen die Kinder, alle Materialien im Wald zu sammeln. Ganz sch\u00f6n viel Arbeit,&hellip; <a href=\"https:\/\/waldkindergarten-berglen.de\/?p=4019\" class=\"more-link\">Weiterlesen <span class=\"screen-reader-text\">Gro\u00dfes Basteln auf Wald und Wiesen<\/span><\/a><\/p>\n","protected":false},"author":7,"featured_media":0,"comment_status":"closed","ping_status":"closed","sticky":false,"template":"","format":"standard","meta":{"ngg_post_thumbnail":0,"_jetpack_memberships_contains_paid_content":false,"footnotes":""},"categories":[3],"tags":[],"class_list":["post-4019","post","type-post","status-publish","format-standard","hentry","category-berichte"],"jetpack_featured_media_url":"","jetpack_sharing_enabled":true,"_links":{"self":[{"href":"https:\/\/waldkindergarten-berglen.de\/index.php?rest_route=\/wp\/v2\/posts\/4019","targetHints":{"allow":["GET"]}}],"collection":[{"href":"https:\/\/waldkindergarten-berglen.de\/index.php?rest_route=\/wp\/v2\/posts"}],"about":[{"href":"https:\/\/waldkindergarten-berglen.de\/index.php?rest_route=\/wp\/v2\/types\/post"}],"author":[{"embeddable":true,"href":"https:\/\/waldkindergarten-berglen.de\/index.php?rest_route=\/wp\/v2\/users\/7"}],"replies":[{"embeddable":true,"href":"https:\/\/waldkindergarten-berglen.de\/index.php?rest_route=%2Fwp%2Fv2%2Fcomments&post=4019"}],"version-history":[{"count":1,"href":"https:\/\/waldkindergarten-berglen.de\/index.php?rest_route=\/wp\/v2\/posts\/4019\/revisions"}],"predecessor-version":[{"id":6633,"href":"https:\/\/waldkindergarten-berglen.de\/index.php?rest_route=\/wp\/v2\/posts\/4019\/revisions\/6633"}],"wp:attachment":[{"href":"https:\/\/waldkindergarten-berglen.de\/index.php?rest_route=%2Fwp%2Fv2%2Fmedia&parent=4019"}],"wp:term":[{"taxonomy":"category","embeddable":true,"href":"https:\/\/waldkindergarten-berglen.de\/index.php?rest_route=%2Fwp%2Fv2%2Fcategories&post=4019"},{"taxonomy":"post_tag","embeddable":true,"href":"https:\/\/waldkindergarten-berglen.de\/index.php?rest_route=%2Fwp%2Fv2%2Ftags&post=4019"}],"curies":[{"name":"wp","href":"https:\/\/api.w.org\/{rel}","templated":true}]}}