{"id":4121,"date":"2017-10-30T08:00:49","date_gmt":"2017-10-30T07:00:49","guid":{"rendered":"http:\/\/waldkindergarten-berglen.de\/?p=4121"},"modified":"2020-04-13T00:51:37","modified_gmt":"2020-04-12T22:51:37","slug":"abschied-aus-der-waldspielgruppe-2","status":"publish","type":"post","link":"https:\/\/waldkindergarten-berglen.de\/?p=4121","title":{"rendered":"Abschied aus der Waldspielgruppe"},"content":{"rendered":"<p>Bei bestem Sp\u00e4therbstwetter ging f\u00fcr mich, Ulrike Mischkolin, am 25.10.2017 die letzte Waldspielgruppe ins Land.<\/p>\n<p>Nach 12 Jahren gebe ich die Leitung ab 2018 an meine geplante Nachfolgerin, Katrin Aupperle, ab. Ich habe vollstes Vertrauen in Katrin, da sie als 5fache Mutter, Erzieherin und seit Jahren eng mit dem Waldkindergarten verbunden, beste Voraussetzungen hat. Alle Anmeldelisten f\u00fcr die Waldspielgruppe bis 2019 bleiben bestehen und werden an Katrin weitergegeben.<\/p>\n<p>Im R\u00fcckblick schaue ich auf ca 150 M\u00fctter (zT auch V\u00e4ter, Omas und Opas), die ich mit ihren Kindern kennenlernen durfte. Wir erlebten gemeinsame Zeiten des Lachens, des Singens, des Staunens, des Sich-Ausprobierens, des Frierens, des Kreativseins, des gegenseitigen Austausches, Spielens und Verweilens. Ich glaube, besonders die M\u00fctter, die so viel in ihre Familien investieren, erlebten es als etwas Besonderes, wenn mittwochs jemand f\u00fcr <em>sie und ihre Kinder<\/em> etwas vorbereitet hatte und man einfach nur mal \u201cda sein\u201d durfte.<\/p>\n<p>Die meisten Kinder ab 3 Jahren besuchten dann den Waldkindergarten. Sie kannten sich gegenseitig schon und auch die Gegebenheiten im Wald. So verlief der Einstieg in den Kindi meist reibungsloser. Den Erzieherinnen bin ich sehr dankbar f\u00fcr die wertsch\u00e4tzende Zusammenarbeit.<\/p>\n<p>Der gro\u00dfe Abschieds-Pilz vom Waldkindergarten gr\u00fc\u00dft bei jedem Verlassen und Betreten meiner Wohnung, und erinnert mich an 12 wertvolle Jahre Waldspielgruppe.<\/p>\n<p><b>DANKE!<\/b><\/p>\n<p><b>Ulrike Mischkolin<\/b><\/p>\n","protected":false},"excerpt":{"rendered":"<p>Bei bestem Sp\u00e4therbstwetter ging f\u00fcr mich, Ulrike Mischkolin, am 25.10.2017 die letzte Waldspielgruppe ins Land. Nach 12 Jahren gebe ich die Leitung ab 2018 an meine geplante Nachfolgerin, Katrin Aupperle, ab. Ich habe vollstes Vertrauen in Katrin, da sie als 5fache Mutter, Erzieherin und seit Jahren eng mit dem Waldkindergarten verbunden, beste Voraussetzungen hat. Alle&hellip; <a href=\"https:\/\/waldkindergarten-berglen.de\/?p=4121\" class=\"more-link\">Weiterlesen <span class=\"screen-reader-text\">Abschied aus der Waldspielgruppe<\/span><\/a><\/p>\n","protected":false},"author":7,"featured_media":0,"comment_status":"closed","ping_status":"closed","sticky":false,"template":"","format":"standard","meta":{"ngg_post_thumbnail":0,"_jetpack_memberships_contains_paid_content":false,"footnotes":""},"categories":[11],"tags":[],"class_list":["post-4121","post","type-post","status-publish","format-standard","hentry","category-waldspielgruppenberichte-bis-2017"],"jetpack_featured_media_url":"","jetpack_sharing_enabled":true,"_links":{"self":[{"href":"https:\/\/waldkindergarten-berglen.de\/index.php?rest_route=\/wp\/v2\/posts\/4121","targetHints":{"allow":["GET"]}}],"collection":[{"href":"https:\/\/waldkindergarten-berglen.de\/index.php?rest_route=\/wp\/v2\/posts"}],"about":[{"href":"https:\/\/waldkindergarten-berglen.de\/index.php?rest_route=\/wp\/v2\/types\/post"}],"author":[{"embeddable":true,"href":"https:\/\/waldkindergarten-berglen.de\/index.php?rest_route=\/wp\/v2\/users\/7"}],"replies":[{"embeddable":true,"href":"https:\/\/waldkindergarten-berglen.de\/index.php?rest_route=%2Fwp%2Fv2%2Fcomments&post=4121"}],"version-history":[{"count":1,"href":"https:\/\/waldkindergarten-berglen.de\/index.php?rest_route=\/wp\/v2\/posts\/4121\/revisions"}],"predecessor-version":[{"id":6630,"href":"https:\/\/waldkindergarten-berglen.de\/index.php?rest_route=\/wp\/v2\/posts\/4121\/revisions\/6630"}],"wp:attachment":[{"href":"https:\/\/waldkindergarten-berglen.de\/index.php?rest_route=%2Fwp%2Fv2%2Fmedia&parent=4121"}],"wp:term":[{"taxonomy":"category","embeddable":true,"href":"https:\/\/waldkindergarten-berglen.de\/index.php?rest_route=%2Fwp%2Fv2%2Fcategories&post=4121"},{"taxonomy":"post_tag","embeddable":true,"href":"https:\/\/waldkindergarten-berglen.de\/index.php?rest_route=%2Fwp%2Fv2%2Ftags&post=4121"}],"curies":[{"name":"wp","href":"https:\/\/api.w.org\/{rel}","templated":true}]}}