{"id":417,"date":"2015-12-07T11:00:27","date_gmt":"2015-12-07T11:00:27","guid":{"rendered":"http:\/\/waldkindergarten-berglen.de\/?p=417"},"modified":"2015-12-07T11:00:27","modified_gmt":"2015-12-07T11:00:27","slug":"nach-altem-brauch-begehen-wir-den-barbaratag","status":"publish","type":"post","link":"https:\/\/waldkindergarten-berglen.de\/?p=417","title":{"rendered":"Nach altem Brauch begehen wir den Barbaratag"},"content":{"rendered":"<p>Traditionell schnitten die Wichtel und Zwerge am 4. Dezember, dem Barbaratag, einen Barbarazweig von einem Kirschbaum.<br \/>\nDie Waldkinder erfuhren von der Barbara, die vor langer Zeit gelebt hatte und an einem 4. Dezember ins Gef\u00e4ngnis musste.<\/p>\n<p>Auf dem Weg dorthin blieb sie mit ihrem Gewand an einem Zweig h\u00e4ngen und nahm diesen mit.<\/p>\n<p>Im Gef\u00e4ngnis angekommen, stellte sie den Zweig in ein kleines Gef\u00e4\u00df und gab ihm t\u00e4glich etwas von ihrem knappen Wasser ab.<br \/>\nNach zwanzig Tagen bl\u00fchte der Zweig wundersch\u00f6n.<br \/>\nAusgerechnet an Heilig Abend.<\/p>\n<p>Es ist ein seit langer Zeit gehegter Brauch, am 4. Dezember einen Barbarazweig zu schneiden und an einem warmen Ort in eine Vase zu stellen, um sich im Winter an dessen Bl\u00fcten erfreuen zu k\u00f6nnen.<br \/>\nDem Volksglauben zufolge ist eine gute Ernte im n\u00e4chsten Jahr zu erwarten, wenn der Zweig an Weihnachten bl\u00fcht.<\/p>\n<p>Na, da sind wir mal gespannt, wann unsere Zweige bl\u00fchen.<\/p>\n<h4>F\u00fcr den Nikolaus putzen wir die Stiefel raus<\/h4>\n<p>Nat\u00fcrlich kommt der Nikolaus jedes Jahr auch zu uns in den Wald.<br \/>\nDeshalb brachten alle Kinder ihren Stiefel, B\u00fcrste und Lappen mit und putzten gemeinsam mit viel Flei\u00df, Ehrgeiz und einer Menge Spa\u00df ihre Stiefel.<\/p>\n<p>Hinterher kamen die gl\u00e4nzenden Stiefel alle in einen gro\u00dfen Sack und mit vereinten Kr\u00e4ften stellten sie diesen\u00a0 f\u00fcr den Nikolaus bereit.<\/p>\n<p>Nach einiger Zeit durfte eins unserer Vorschulkinder nachsehen, ob der Sack noch da war.<\/p>\n<p>Doch, da schau her, er war verschwunden!<\/p>\n<p>Ob der Nikolaus die Stiefel wohl gef\u00fcllt wieder bringt?<\/p>\n<p><em>Wussten Sie schon?<\/em><br \/>\n<em>Dass Kirsch-, Apfel-, Birken-, Haselnuss-, Rosskastanien-, Pflaumen-, Holunder-, Rotdorn- oder Forsythienzweige als Barbarazweig verwendet werden?<\/em><\/p>\n","protected":false},"excerpt":{"rendered":"<p>Traditionell schnitten die Wichtel und Zwerge am 4. Dezember, dem Barbaratag, einen Barbarazweig von einem Kirschbaum. Die Waldkinder erfuhren von der Barbara, die vor langer Zeit gelebt hatte und an einem 4. Dezember ins Gef\u00e4ngnis musste. Auf dem Weg dorthin blieb sie mit ihrem Gewand an einem Zweig h\u00e4ngen und nahm diesen mit. Im Gef\u00e4ngnis&hellip; <a href=\"https:\/\/waldkindergarten-berglen.de\/?p=417\" class=\"more-link\">Weiterlesen <span class=\"screen-reader-text\">Nach altem Brauch begehen wir den Barbaratag<\/span><\/a><\/p>\n","protected":false},"author":1,"featured_media":0,"comment_status":"closed","ping_status":"closed","sticky":false,"template":"","format":"standard","meta":{"ngg_post_thumbnail":0,"_jetpack_memberships_contains_paid_content":false,"footnotes":""},"categories":[3],"tags":[],"class_list":["post-417","post","type-post","status-publish","format-standard","hentry","category-berichte"],"jetpack_featured_media_url":"","jetpack_sharing_enabled":true,"_links":{"self":[{"href":"https:\/\/waldkindergarten-berglen.de\/index.php?rest_route=\/wp\/v2\/posts\/417","targetHints":{"allow":["GET"]}}],"collection":[{"href":"https:\/\/waldkindergarten-berglen.de\/index.php?rest_route=\/wp\/v2\/posts"}],"about":[{"href":"https:\/\/waldkindergarten-berglen.de\/index.php?rest_route=\/wp\/v2\/types\/post"}],"author":[{"embeddable":true,"href":"https:\/\/waldkindergarten-berglen.de\/index.php?rest_route=\/wp\/v2\/users\/1"}],"replies":[{"embeddable":true,"href":"https:\/\/waldkindergarten-berglen.de\/index.php?rest_route=%2Fwp%2Fv2%2Fcomments&post=417"}],"version-history":[{"count":0,"href":"https:\/\/waldkindergarten-berglen.de\/index.php?rest_route=\/wp\/v2\/posts\/417\/revisions"}],"wp:attachment":[{"href":"https:\/\/waldkindergarten-berglen.de\/index.php?rest_route=%2Fwp%2Fv2%2Fmedia&parent=417"}],"wp:term":[{"taxonomy":"category","embeddable":true,"href":"https:\/\/waldkindergarten-berglen.de\/index.php?rest_route=%2Fwp%2Fv2%2Fcategories&post=417"},{"taxonomy":"post_tag","embeddable":true,"href":"https:\/\/waldkindergarten-berglen.de\/index.php?rest_route=%2Fwp%2Fv2%2Ftags&post=417"}],"curies":[{"name":"wp","href":"https:\/\/api.w.org\/{rel}","templated":true}]}}