{"id":424,"date":"2015-11-23T12:00:15","date_gmt":"2015-11-23T12:00:15","guid":{"rendered":"http:\/\/waldkindergarten-berglen.de\/?p=424"},"modified":"2015-11-23T12:00:15","modified_gmt":"2015-11-23T12:00:15","slug":"stroemender-regen-was-fuer-ein-spass","status":"publish","type":"post","link":"https:\/\/waldkindergarten-berglen.de\/?p=424","title":{"rendered":"Str\u00f6mender Regen- was f\u00fcr ein Spa\u00df"},"content":{"rendered":"<p>Unz\u00e4hlige Pf\u00fctzen und ergiebiger Regen mag f\u00fcr manch einen nicht unbedingt ein Lockruf in die Natur sein.<br \/>\nDoch unsere Waldkinder hatten bei diesem Wetter letzte Woche einen Riesenspa\u00df!<br \/>\nEs er\u00f6ffneten sich v\u00f6llig neue M\u00f6glichkeiten und unbekannte Ansichten ihrer doch so vertrauten Umgebung!<\/p>\n<p>Da bahnte sich pl\u00f6tzlich ein kleiner Bachlauf auf dem Weg herunter und sp\u00fclte beachtenswerte Mengen an Laub und St\u00f6ckchen scheinbar m\u00fchelos weg.<br \/>\nErstaunt \u00fcber die Kraft eines so kleinen Wasserlaufs experimentierten die Kinder was der Wasserkraft wie lange standhalten konnte.<br \/>\nDabei erkannten sie, dass sie alle die Kraft des Wassers v\u00f6llig untersch\u00e4tzt hatten.<\/p>\n<p>Aber auch der Rutschberg zeigte sich in Schmierseife \u00e4hnlicher Konsistenz und bot damit ein rasantes Rutscherlebnis.<\/p>\n<p>Die v\u00f6llig eingeschlammten Buddelkleider wurden mithilfe des Regens und dem anschlie\u00dfenden Pf\u00fctzen-Wettspringen auch direkt wieder sauber!<\/p>\n<p>Und so erlebten die Waldkinder wieder einmal einen ganz besonderen Vormittag im Wald.<\/p>\n<h4>Gemeinsamer Einsatz f\u00fcr den Waldkindergarten<\/h4>\n<p>Am vergangenen Samstag packten Waldkindergarten-Eltern und eine Erzieherin gemeinsam an und schafften Gro\u00dfartiges.<\/p>\n<figure id=\"attachment_425\" aria-describedby=\"caption-attachment-425\" style=\"width: 460px\" class=\"wp-caption alignnone\"><img loading=\"lazy\" decoding=\"async\" class=\"size-full wp-image-425\" src=\"http:\/\/waldkindergarten-berglen.de\/wp-content\/uploads\/2016\/06\/1004-1-1.jpg\" alt=\"Perfekt ausger\u00fcstet ins Holz!\" width=\"460\" height=\"345\" \/><figcaption id=\"caption-attachment-425\" class=\"wp-caption-text\">Perfekt ausger\u00fcstet ins Holz!<\/figcaption><\/figure>\n<p>Da wurden die Waldsofas am Tipi und bei der Dicken Berta ausgebessert, Holz gemacht und verr\u00e4umt, das Schild am Spielplatz versetzt.<\/p>\n<figure id=\"attachment_426\" aria-describedby=\"caption-attachment-426\" style=\"width: 460px\" class=\"wp-caption alignnone\"><img loading=\"lazy\" decoding=\"async\" class=\"size-full wp-image-426\" src=\"http:\/\/waldkindergarten-berglen.de\/wp-content\/uploads\/2016\/06\/1006-1-1.jpg\" alt=\"Kunst braucht einen besonderen Platz!\" width=\"460\" height=\"345\" \/><figcaption id=\"caption-attachment-426\" class=\"wp-caption-text\">Kunst braucht einen besonderen Platz!<\/figcaption><\/figure>\n<p>Auf dem St\u00fcckle wurden Zaunpfosten erneuert, Knochensteine weggebracht, L\u00fcftungsgitter rund um die Schutzh\u00fctte angebracht, eine Sitzbank mit Wetterschutzlack angestrichen, das Weidentipi eingeflochten, die Brombeerstr\u00e4ucher zur\u00fcckgeschnitten und nicht zu vergessen, die Kinder betreut.<\/p>\n<figure id=\"attachment_427\" aria-describedby=\"caption-attachment-427\" style=\"width: 460px\" class=\"wp-caption alignnone\"><img loading=\"lazy\" decoding=\"async\" class=\"size-full wp-image-427\" src=\"http:\/\/waldkindergarten-berglen.de\/wp-content\/uploads\/2016\/06\/1007-1-1.jpg\" alt=\"Auch am Samstag im Einsatz - unsere Guste!\" width=\"460\" height=\"307\" \/><figcaption id=\"caption-attachment-427\" class=\"wp-caption-text\">Auch am Samstag im Einsatz &#8211; unsere Guste!<\/figcaption><\/figure>\n<p>W\u00e4hrenddessen stand ein Buffet mit Kaffee, Kuchen und Punsch von den Waldkindi- Eltern und nat\u00fcrlich Erfrischungsgetr\u00e4nke bereit.<\/p>\n<p>Zum Mittagessen gab es f\u00fcr alle Gaisburger Marsch, Maultaschen und Kartoffelsuppe. Liebevoll und superlecker gekocht von Nadja M\u00fcnster, die gemeinsam mit ihrem Mann Marko die Arbeitseins\u00e4tze organisiert und leitet.<\/p>\n<p><strong>Vielen herzlichen Dank f\u00fcr Euren unerm\u00fcdlichen Einsatz und die perfekte Vollverpflegung!<\/strong><\/p>\n<p><strong>Ganz recht herzlich bedanken wir uns bei Diethard Fohr, einem Wald-Opa, der dem Waldkindergarten spontan zwei Fledermaus-Nistk\u00e4sten gebaut und gespendet hat.<\/strong><br \/>\n<strong>Diese haben wir mit sehr viel Freude nat\u00fcrlich gleich aufgeh\u00e4ngt!<\/strong><\/p>\n<p><strong>Ein riesiges Dankesch\u00f6n an alle flei\u00dfigen Helfer, die mit vollem Einsatz und vorbildlichem Teamgeist, all die\u00a0 wichtigen Arbeiten erfolgreich bew\u00e4ltigt haben.<\/strong><\/p>\n<p><strong>Ihr seid echt Spitze! Danke!<\/strong><\/p>\n<p><em>Wussten Sie schon?<\/em><br \/>\n<em>Dass der Wald der gr\u00f6\u00dfte S\u00fc\u00dfwasserspeicher der Erde ist und das meiste Trinkwasser aus W\u00e4ldern gewonnen wird?<\/em><\/p>\n","protected":false},"excerpt":{"rendered":"<p>Unz\u00e4hlige Pf\u00fctzen und ergiebiger Regen mag f\u00fcr manch einen nicht unbedingt ein Lockruf in die Natur sein. Doch unsere Waldkinder hatten bei diesem Wetter letzte Woche einen Riesenspa\u00df! Es er\u00f6ffneten sich v\u00f6llig neue M\u00f6glichkeiten und unbekannte Ansichten ihrer doch so vertrauten Umgebung! Da bahnte sich pl\u00f6tzlich ein kleiner Bachlauf auf dem Weg herunter und sp\u00fclte&hellip; <a href=\"https:\/\/waldkindergarten-berglen.de\/?p=424\" class=\"more-link\">Weiterlesen <span class=\"screen-reader-text\">Str\u00f6mender Regen- was f\u00fcr ein Spa\u00df<\/span><\/a><\/p>\n","protected":false},"author":1,"featured_media":0,"comment_status":"closed","ping_status":"closed","sticky":false,"template":"","format":"standard","meta":{"ngg_post_thumbnail":0,"_jetpack_memberships_contains_paid_content":false,"footnotes":""},"categories":[3],"tags":[],"class_list":["post-424","post","type-post","status-publish","format-standard","hentry","category-berichte"],"jetpack_featured_media_url":"","jetpack_sharing_enabled":true,"_links":{"self":[{"href":"https:\/\/waldkindergarten-berglen.de\/index.php?rest_route=\/wp\/v2\/posts\/424","targetHints":{"allow":["GET"]}}],"collection":[{"href":"https:\/\/waldkindergarten-berglen.de\/index.php?rest_route=\/wp\/v2\/posts"}],"about":[{"href":"https:\/\/waldkindergarten-berglen.de\/index.php?rest_route=\/wp\/v2\/types\/post"}],"author":[{"embeddable":true,"href":"https:\/\/waldkindergarten-berglen.de\/index.php?rest_route=\/wp\/v2\/users\/1"}],"replies":[{"embeddable":true,"href":"https:\/\/waldkindergarten-berglen.de\/index.php?rest_route=%2Fwp%2Fv2%2Fcomments&post=424"}],"version-history":[{"count":0,"href":"https:\/\/waldkindergarten-berglen.de\/index.php?rest_route=\/wp\/v2\/posts\/424\/revisions"}],"wp:attachment":[{"href":"https:\/\/waldkindergarten-berglen.de\/index.php?rest_route=%2Fwp%2Fv2%2Fmedia&parent=424"}],"wp:term":[{"taxonomy":"category","embeddable":true,"href":"https:\/\/waldkindergarten-berglen.de\/index.php?rest_route=%2Fwp%2Fv2%2Fcategories&post=424"},{"taxonomy":"post_tag","embeddable":true,"href":"https:\/\/waldkindergarten-berglen.de\/index.php?rest_route=%2Fwp%2Fv2%2Ftags&post=424"}],"curies":[{"name":"wp","href":"https:\/\/api.w.org\/{rel}","templated":true}]}}