{"id":429,"date":"2015-11-20T12:00:49","date_gmt":"2015-11-20T12:00:49","guid":{"rendered":"http:\/\/waldkindergarten-berglen.de\/?p=429"},"modified":"2015-11-20T12:00:49","modified_gmt":"2015-11-20T12:00:49","slug":"lichtlein-lichtlein-brenne-heller-als-der-tag","status":"publish","type":"post","link":"https:\/\/waldkindergarten-berglen.de\/?p=429","title":{"rendered":"Lichtlein, Lichtlein brenne, heller als der Tag\u2026"},"content":{"rendered":"<p>Das herrliche sonnig warme Herbstwetter der letzten Tage verwandelte das auf den Boden gefallene Laub in einen knisternden bunten Teppich, mit dem unsere Waldkinder nat\u00fcrlich allerhand anzufangen wussten\u2026<\/p>\n<p>Au\u00dferdem wurden f\u00fcr das bevorstehende K\u00fcrbis-Laternenfest flei\u00dfig Laternen aus kleinen K\u00fcrbissen gebastelt.<\/p>\n<figure id=\"attachment_430\" aria-describedby=\"caption-attachment-430\" style=\"width: 345px\" class=\"wp-caption alignnone\"><img loading=\"lazy\" decoding=\"async\" class=\"size-full wp-image-430\" src=\"http:\/\/waldkindergarten-berglen.de\/wp-content\/uploads\/2016\/06\/1001-1-1.jpg\" alt=\"Laternen basteln\" width=\"345\" height=\"460\" \/><figcaption id=\"caption-attachment-430\" class=\"wp-caption-text\">Laternen basteln<\/figcaption><\/figure>\n<figure id=\"attachment_431\" aria-describedby=\"caption-attachment-431\" style=\"width: 345px\" class=\"wp-caption alignnone\"><img loading=\"lazy\" decoding=\"async\" class=\"size-full wp-image-431\" src=\"http:\/\/waldkindergarten-berglen.de\/wp-content\/uploads\/2016\/06\/1002-1-1.jpg\" alt=\"K\u00fcrbislaterne\" width=\"345\" height=\"460\" \/><figcaption id=\"caption-attachment-431\" class=\"wp-caption-text\">K\u00fcrbislaterne<\/figcaption><\/figure>\n<p>Am Donnerstag war es dann soweit:<\/p>\n<p>An einem festlich mit Kerzen beleuchteten Mandala aus den Fr\u00fcchten des Waldes und der Natur stimmten sich die Waldkinder, Eltern und Geschwister bei Einbruch der Dunkelheit mit einigen Laternenliedern auf den Abend ein.<\/p>\n<figure id=\"attachment_432\" aria-describedby=\"caption-attachment-432\" style=\"width: 460px\" class=\"wp-caption alignnone\"><img loading=\"lazy\" decoding=\"async\" class=\"size-full wp-image-432\" src=\"http:\/\/waldkindergarten-berglen.de\/wp-content\/uploads\/2016\/06\/1003-1-1.jpg\" alt=\"Zauberhafte Stimmung\" width=\"460\" height=\"345\" \/><figcaption id=\"caption-attachment-432\" class=\"wp-caption-text\">Zauberhafte Stimmung<\/figcaption><\/figure>\n<p>Viele Lichtlein wiesen den Weg durch den Wald zu einem den Kindern wohlbekannten Platz, der aber in der Dunkelheit sehr geheimnisvoll wirkte. Dort verfolgte das Publikum in and\u00e4chtiger Stille ein zauberhaftes Schattenspiel, nur beleuchtet durch das flackernde Licht einiger Windlichter. Dann durften die Kinder ihre Laternen in Empfang nehmen und der Laternenzug setzte seinen Weg fort.<\/p>\n<p>Zur\u00fcck am Waldspielplatz konnten sich Gro\u00df und Klein bei W\u00fcrstchen, Suppen und\u00a0 Punsch st\u00e4rken und noch ein wenig gem\u00fctlich beisammen sein.<\/p>\n<p>Herzlichen Dank allen Helfern, die zum Gelingen des Festes beitrugen und den Erzieherinnen, die uns mit ihren Ideen und Vorbereitungen einen so stimmungsvollen und unvergesslichen Abend bereitet haben.<\/p>\n<p><em>Wussten Sie schon?<\/em><br \/>\n<em>Dass die Milchstra\u00dfe nach heutiger Sch\u00e4tzung aus 100-300 Milliarden Sternen besteht?<\/em><\/p>\n","protected":false},"excerpt":{"rendered":"<p>Das herrliche sonnig warme Herbstwetter der letzten Tage verwandelte das auf den Boden gefallene Laub in einen knisternden bunten Teppich, mit dem unsere Waldkinder nat\u00fcrlich allerhand anzufangen wussten\u2026 Au\u00dferdem wurden f\u00fcr das bevorstehende K\u00fcrbis-Laternenfest flei\u00dfig Laternen aus kleinen K\u00fcrbissen gebastelt. Am Donnerstag war es dann soweit: An einem festlich mit Kerzen beleuchteten Mandala aus den&hellip; <a href=\"https:\/\/waldkindergarten-berglen.de\/?p=429\" class=\"more-link\">Weiterlesen <span class=\"screen-reader-text\">Lichtlein, Lichtlein brenne, heller als der Tag\u2026<\/span><\/a><\/p>\n","protected":false},"author":1,"featured_media":0,"comment_status":"closed","ping_status":"closed","sticky":false,"template":"","format":"standard","meta":{"ngg_post_thumbnail":0,"_jetpack_memberships_contains_paid_content":false,"footnotes":""},"categories":[3],"tags":[],"class_list":["post-429","post","type-post","status-publish","format-standard","hentry","category-berichte"],"jetpack_featured_media_url":"","jetpack_sharing_enabled":true,"_links":{"self":[{"href":"https:\/\/waldkindergarten-berglen.de\/index.php?rest_route=\/wp\/v2\/posts\/429","targetHints":{"allow":["GET"]}}],"collection":[{"href":"https:\/\/waldkindergarten-berglen.de\/index.php?rest_route=\/wp\/v2\/posts"}],"about":[{"href":"https:\/\/waldkindergarten-berglen.de\/index.php?rest_route=\/wp\/v2\/types\/post"}],"author":[{"embeddable":true,"href":"https:\/\/waldkindergarten-berglen.de\/index.php?rest_route=\/wp\/v2\/users\/1"}],"replies":[{"embeddable":true,"href":"https:\/\/waldkindergarten-berglen.de\/index.php?rest_route=%2Fwp%2Fv2%2Fcomments&post=429"}],"version-history":[{"count":0,"href":"https:\/\/waldkindergarten-berglen.de\/index.php?rest_route=\/wp\/v2\/posts\/429\/revisions"}],"wp:attachment":[{"href":"https:\/\/waldkindergarten-berglen.de\/index.php?rest_route=%2Fwp%2Fv2%2Fmedia&parent=429"}],"wp:term":[{"taxonomy":"category","embeddable":true,"href":"https:\/\/waldkindergarten-berglen.de\/index.php?rest_route=%2Fwp%2Fv2%2Fcategories&post=429"},{"taxonomy":"post_tag","embeddable":true,"href":"https:\/\/waldkindergarten-berglen.de\/index.php?rest_route=%2Fwp%2Fv2%2Ftags&post=429"}],"curies":[{"name":"wp","href":"https:\/\/api.w.org\/{rel}","templated":true}]}}