{"id":434,"date":"2015-11-09T12:00:54","date_gmt":"2015-11-09T12:00:54","guid":{"rendered":"http:\/\/waldkindergarten-berglen.de\/?p=434"},"modified":"2015-11-09T12:00:54","modified_gmt":"2015-11-09T12:00:54","slug":"zauberhafte-stimmung","status":"publish","type":"post","link":"https:\/\/waldkindergarten-berglen.de\/?p=434","title":{"rendered":"Kunterbunt durch den Herbst"},"content":{"rendered":"<p>Die Sonne scheint durch die bunten Baumkronen, w\u00e4hrend\u00a0 der Wind die Bl\u00e4tter durch die Luft segeln l\u00e4sst.<br \/>\nMittendrin unsere Waldkinder.<br \/>\nSie singen, erz\u00e4hlen und besprechen ihr Vorhaben im K\u00fcrbis geschm\u00fcckten Morgenkreis, um dann gemeinsam durch diese wundersch\u00f6ne Kulisse zum auserw\u00e4hlten Platz zu gehen.<\/p>\n<p>Auf dem Weg dorthin entdecken Gro\u00df und Klein jeden Tag etwas Neues.<\/p>\n<p>Eine gro\u00dfe Pf\u00fctze in der Bl\u00e4tter wie kleine Schiffchen schwimmen, viele kleine \u00c4ste auf dem Weg, aus denen kurzum ein kleines Zwergenhaus entsteht oder muntere Eichh\u00f6rnchen, Kleiber, Amseln die auf der\u00a0 Nahrungssuche den Weg kreuzen.<\/p>\n<p>Nachdem sich am Sonnenplatz alle zusammen gest\u00e4rkt haben, geht es an die Vorbereitungen f\u00fcr das kommende K\u00fcrbisfest.<\/p>\n<p>Dann genie\u00dfen alle (auf dem kuscheligen Laub liegend) die Sonnenstrahlen, welche durch die immer lichter werdenden Baumkronen einfallen.<\/p>\n<p>Auf dem R\u00fcckweg schaffen es die Jungs, mit vereinten Kr\u00e4ften, einen riesigen Ast als Troph\u00e4e bis zum Waldspielplatz zu ziehen.<\/p>\n<figure id=\"attachment_435\" aria-describedby=\"caption-attachment-435\" style=\"width: 260px\" class=\"wp-caption alignnone\"><img loading=\"lazy\" decoding=\"async\" class=\"size-full wp-image-435\" src=\"http:\/\/waldkindergarten-berglen.de\/wp-content\/uploads\/2016\/06\/996-1-1.jpg\" alt=\"Wir sind Waldschlepper!\" width=\"260\" height=\"460\" \/><figcaption id=\"caption-attachment-435\" class=\"wp-caption-text\">Wir sind Waldschlepper!<\/figcaption><\/figure>\n<p>W\u00e4hrend die M\u00e4dchen sich kichernd Geschichten erz\u00e4hlen oder \u201ePferdchen\u201c spielen.<br \/>\nWieder ist ein wundersch\u00f6ner Vormittag vor\u00fcber. Und wir freuen uns schon auf morgen.<\/p>\n<p><em>Wussten Sie schon?<\/em><br \/>\n<em>Dass Pflanzen durch spezielle Spalt\u00f6ffnungen auf den Bl\u00e4ttern die Verdunstung regulieren k\u00f6nnen?<\/em><\/p>\n","protected":false},"excerpt":{"rendered":"<p>Die Sonne scheint durch die bunten Baumkronen, w\u00e4hrend\u00a0 der Wind die Bl\u00e4tter durch die Luft segeln l\u00e4sst. Mittendrin unsere Waldkinder. Sie singen, erz\u00e4hlen und besprechen ihr Vorhaben im K\u00fcrbis geschm\u00fcckten Morgenkreis, um dann gemeinsam durch diese wundersch\u00f6ne Kulisse zum auserw\u00e4hlten Platz zu gehen. Auf dem Weg dorthin entdecken Gro\u00df und Klein jeden Tag etwas Neues.&hellip; <a href=\"https:\/\/waldkindergarten-berglen.de\/?p=434\" class=\"more-link\">Weiterlesen <span class=\"screen-reader-text\">Kunterbunt durch den Herbst<\/span><\/a><\/p>\n","protected":false},"author":1,"featured_media":0,"comment_status":"closed","ping_status":"closed","sticky":false,"template":"","format":"standard","meta":{"ngg_post_thumbnail":0,"_jetpack_memberships_contains_paid_content":false,"footnotes":""},"categories":[3],"tags":[],"class_list":["post-434","post","type-post","status-publish","format-standard","hentry","category-berichte"],"jetpack_featured_media_url":"","jetpack_sharing_enabled":true,"_links":{"self":[{"href":"https:\/\/waldkindergarten-berglen.de\/index.php?rest_route=\/wp\/v2\/posts\/434","targetHints":{"allow":["GET"]}}],"collection":[{"href":"https:\/\/waldkindergarten-berglen.de\/index.php?rest_route=\/wp\/v2\/posts"}],"about":[{"href":"https:\/\/waldkindergarten-berglen.de\/index.php?rest_route=\/wp\/v2\/types\/post"}],"author":[{"embeddable":true,"href":"https:\/\/waldkindergarten-berglen.de\/index.php?rest_route=\/wp\/v2\/users\/1"}],"replies":[{"embeddable":true,"href":"https:\/\/waldkindergarten-berglen.de\/index.php?rest_route=%2Fwp%2Fv2%2Fcomments&post=434"}],"version-history":[{"count":0,"href":"https:\/\/waldkindergarten-berglen.de\/index.php?rest_route=\/wp\/v2\/posts\/434\/revisions"}],"wp:attachment":[{"href":"https:\/\/waldkindergarten-berglen.de\/index.php?rest_route=%2Fwp%2Fv2%2Fmedia&parent=434"}],"wp:term":[{"taxonomy":"category","embeddable":true,"href":"https:\/\/waldkindergarten-berglen.de\/index.php?rest_route=%2Fwp%2Fv2%2Fcategories&post=434"},{"taxonomy":"post_tag","embeddable":true,"href":"https:\/\/waldkindergarten-berglen.de\/index.php?rest_route=%2Fwp%2Fv2%2Ftags&post=434"}],"curies":[{"name":"wp","href":"https:\/\/api.w.org\/{rel}","templated":true}]}}