{"id":441,"date":"2015-11-02T11:00:04","date_gmt":"2015-11-02T09:00:04","guid":{"rendered":"http:\/\/waldkindergarten-berglen.de\/?p=441"},"modified":"2015-11-02T11:00:04","modified_gmt":"2015-11-02T09:00:04","slug":"neues-aus-der-waldspielgruppe-2","status":"publish","type":"post","link":"https:\/\/waldkindergarten-berglen.de\/?p=441","title":{"rendered":"Neues aus der Waldspielgruppe"},"content":{"rendered":"<p>Die Waldspielgruppe geht in die Winterpause<\/p>\n<p>Drei Tage nach der Zeitumstellung waren viele Kinder m\u00fcde und viel schneller hungrig am 28.10.15, waren sie doch schon eine Stunde l\u00e4nger wach als sonst. Die Sonne, K\u00e4lte, Bewegungslieder und das Miteinander im Wald hielten die Kleinen aber wach und bei Laune.<\/p>\n<p>Nach einem ausgiebigen Vesper bemalten zum Abschluss der Saison Holzbilderrahmen mit Wasserfarben. Das war f\u00fcr die 2 J\u00e4hrigen spannend: Wie mischen sich die Farben? Wie viel Wasser muss ich nehmen? Wo setzte ich welche Farbe hin? Sehr charmant war ein kleiner Junge, der seinen bundeswehrtarnfarbenen Rahmen zum Abschluss mit leuchtend roten Punkten verzierte, und hochkonzentriert dabei vor sich hinsagte: \u00abPunk.., Punk.., Punk..,&#8230;.fertich!\u00bb<\/p>\n<figure id=\"attachment_438\" aria-describedby=\"caption-attachment-438\" style=\"width: 460px\" class=\"wp-caption alignnone\"><img loading=\"lazy\" decoding=\"async\" class=\"size-full wp-image-438\" src=\"http:\/\/waldkindergarten-berglen.de\/wp-content\/uploads\/2016\/06\/994-1-1.jpg\" alt=\"Kleine K\u00fcnstler\" width=\"460\" height=\"345\" \/><figcaption id=\"caption-attachment-438\" class=\"wp-caption-text\">Kleine K\u00fcnstler<\/figcaption><\/figure>\n<p>Nachdem sowohl die M\u00fctter als auch die Kinder nun nach der Saison vertraut miteinander sind, ist es schade, f\u00fcr ein halbes Jahr auseinanderzugehen. Aber umso mehr freuen wir uns auf ein Wiedersehen in 2016!<\/p>\n","protected":false},"excerpt":{"rendered":"<p>Die Waldspielgruppe geht in die Winterpause Drei Tage nach der Zeitumstellung waren viele Kinder m\u00fcde und viel schneller hungrig am 28.10.15, waren sie doch schon eine Stunde l\u00e4nger wach als sonst. Die Sonne, K\u00e4lte, Bewegungslieder und das Miteinander im Wald hielten die Kleinen aber wach und bei Laune. Nach einem ausgiebigen Vesper bemalten zum Abschluss&hellip; <a href=\"https:\/\/waldkindergarten-berglen.de\/?p=441\" class=\"more-link\">Weiterlesen <span class=\"screen-reader-text\">Neues aus der Waldspielgruppe<\/span><\/a><\/p>\n","protected":false},"author":1,"featured_media":0,"comment_status":"closed","ping_status":"closed","sticky":false,"template":"","format":"standard","meta":{"ngg_post_thumbnail":0,"_jetpack_memberships_contains_paid_content":false,"footnotes":""},"categories":[11],"tags":[],"class_list":["post-441","post","type-post","status-publish","format-standard","hentry","category-waldspielgruppenberichte-bis-2017"],"jetpack_featured_media_url":"","jetpack_sharing_enabled":true,"_links":{"self":[{"href":"https:\/\/waldkindergarten-berglen.de\/index.php?rest_route=\/wp\/v2\/posts\/441","targetHints":{"allow":["GET"]}}],"collection":[{"href":"https:\/\/waldkindergarten-berglen.de\/index.php?rest_route=\/wp\/v2\/posts"}],"about":[{"href":"https:\/\/waldkindergarten-berglen.de\/index.php?rest_route=\/wp\/v2\/types\/post"}],"author":[{"embeddable":true,"href":"https:\/\/waldkindergarten-berglen.de\/index.php?rest_route=\/wp\/v2\/users\/1"}],"replies":[{"embeddable":true,"href":"https:\/\/waldkindergarten-berglen.de\/index.php?rest_route=%2Fwp%2Fv2%2Fcomments&post=441"}],"version-history":[{"count":0,"href":"https:\/\/waldkindergarten-berglen.de\/index.php?rest_route=\/wp\/v2\/posts\/441\/revisions"}],"wp:attachment":[{"href":"https:\/\/waldkindergarten-berglen.de\/index.php?rest_route=%2Fwp%2Fv2%2Fmedia&parent=441"}],"wp:term":[{"taxonomy":"category","embeddable":true,"href":"https:\/\/waldkindergarten-berglen.de\/index.php?rest_route=%2Fwp%2Fv2%2Fcategories&post=441"},{"taxonomy":"post_tag","embeddable":true,"href":"https:\/\/waldkindergarten-berglen.de\/index.php?rest_route=%2Fwp%2Fv2%2Ftags&post=441"}],"curies":[{"name":"wp","href":"https:\/\/api.w.org\/{rel}","templated":true}]}}