{"id":443,"date":"2015-10-26T10:00:21","date_gmt":"2015-10-26T10:00:21","guid":{"rendered":"http:\/\/waldkindergarten-berglen.de\/?p=443"},"modified":"2015-10-26T10:00:21","modified_gmt":"2015-10-26T10:00:21","slug":"so-lecker-so-suess","status":"publish","type":"post","link":"https:\/\/waldkindergarten-berglen.de\/?p=443","title":{"rendered":"So lecker, so s\u00fc\u00df"},"content":{"rendered":"<p>Unsere Waldkinder und ihre Erzieherinnen schlemmen sich mit dem Thema \u201eGesunde Ern\u00e4hrung\u201c richtiggehend durch den Herbst!<br \/>\nAbwechslungsreich und bunt sind dabei die Zutaten.<\/p>\n<p>So stellten sie leckere Gem\u00fcsedips her, die mit L\u00f6ffeln aus Chicoreebl\u00e4ttern genascht werden durften.<\/p>\n<p>Daf\u00fcr wurde zuvor flei\u00dfig das Gem\u00fcse, wie z.B. Karotten und Salatgurke, Blattsalat aber auch K\u00e4se und Schmand fachgerecht verarbeitet.<\/p>\n<p>Unglaublich, was die Kinder nun schon alles \u00fcber die Nahrungsmittel und deren Entstehung und Herkunft wissen.<\/p>\n<figure id=\"attachment_444\" aria-describedby=\"caption-attachment-444\" style=\"width: 460px\" class=\"wp-caption alignnone\"><img loading=\"lazy\" decoding=\"async\" class=\"size-full wp-image-444\" src=\"http:\/\/waldkindergarten-berglen.de\/wp-content\/uploads\/2016\/06\/997-1-1.jpg\" alt=\"Geburtstagstisch-Gesund und Lecker!\" width=\"460\" height=\"260\" \/><figcaption id=\"caption-attachment-444\" class=\"wp-caption-text\">Geburtstagstisch-Gesund und Lecker!<\/figcaption><\/figure>\n<p><em>Wussten Sie schon?<\/em><br \/>\n<em>Dass es auch Kartoffelsorten mit Lila \u2013 und Rosafarbener Fleischfarbe gibt?<\/em><\/p>\n","protected":false},"excerpt":{"rendered":"<p>Unsere Waldkinder und ihre Erzieherinnen schlemmen sich mit dem Thema \u201eGesunde Ern\u00e4hrung\u201c richtiggehend durch den Herbst! Abwechslungsreich und bunt sind dabei die Zutaten. So stellten sie leckere Gem\u00fcsedips her, die mit L\u00f6ffeln aus Chicoreebl\u00e4ttern genascht werden durften. Daf\u00fcr wurde zuvor flei\u00dfig das Gem\u00fcse, wie z.B. Karotten und Salatgurke, Blattsalat aber auch K\u00e4se und Schmand fachgerecht&hellip; <a href=\"https:\/\/waldkindergarten-berglen.de\/?p=443\" class=\"more-link\">Weiterlesen <span class=\"screen-reader-text\">So lecker, so s\u00fc\u00df<\/span><\/a><\/p>\n","protected":false},"author":1,"featured_media":0,"comment_status":"closed","ping_status":"closed","sticky":false,"template":"","format":"standard","meta":{"ngg_post_thumbnail":0,"_jetpack_memberships_contains_paid_content":false,"footnotes":""},"categories":[3],"tags":[],"class_list":["post-443","post","type-post","status-publish","format-standard","hentry","category-berichte"],"jetpack_featured_media_url":"","jetpack_sharing_enabled":true,"_links":{"self":[{"href":"https:\/\/waldkindergarten-berglen.de\/index.php?rest_route=\/wp\/v2\/posts\/443","targetHints":{"allow":["GET"]}}],"collection":[{"href":"https:\/\/waldkindergarten-berglen.de\/index.php?rest_route=\/wp\/v2\/posts"}],"about":[{"href":"https:\/\/waldkindergarten-berglen.de\/index.php?rest_route=\/wp\/v2\/types\/post"}],"author":[{"embeddable":true,"href":"https:\/\/waldkindergarten-berglen.de\/index.php?rest_route=\/wp\/v2\/users\/1"}],"replies":[{"embeddable":true,"href":"https:\/\/waldkindergarten-berglen.de\/index.php?rest_route=%2Fwp%2Fv2%2Fcomments&post=443"}],"version-history":[{"count":0,"href":"https:\/\/waldkindergarten-berglen.de\/index.php?rest_route=\/wp\/v2\/posts\/443\/revisions"}],"wp:attachment":[{"href":"https:\/\/waldkindergarten-berglen.de\/index.php?rest_route=%2Fwp%2Fv2%2Fmedia&parent=443"}],"wp:term":[{"taxonomy":"category","embeddable":true,"href":"https:\/\/waldkindergarten-berglen.de\/index.php?rest_route=%2Fwp%2Fv2%2Fcategories&post=443"},{"taxonomy":"post_tag","embeddable":true,"href":"https:\/\/waldkindergarten-berglen.de\/index.php?rest_route=%2Fwp%2Fv2%2Ftags&post=443"}],"curies":[{"name":"wp","href":"https:\/\/api.w.org\/{rel}","templated":true}]}}