{"id":4438,"date":"2018-01-08T08:05:19","date_gmt":"2018-01-08T07:05:19","guid":{"rendered":"http:\/\/waldkindergarten-berglen.de\/?p=4438"},"modified":"2020-04-13T00:49:18","modified_gmt":"2020-04-12T22:49:18","slug":"grosse-freude-auf-den-wald","status":"publish","type":"post","link":"https:\/\/waldkindergarten-berglen.de\/?p=4438","title":{"rendered":"Gro\u00dfe Freude auf den Wald"},"content":{"rendered":"<p>Es war sch\u00f6n, die ersehnten Ferien mit dem wundersch\u00f6nen Weihnachtsfest und den tollen Geschenken!<\/p>\n<p>Doch kaum ist Weihnachten und Silvester vorbei, sind die Gedanken der Waldkinder wieder bei den Waldtieren und Ihrem Waldkindergarten!<\/p>\n<p>\u201eJetzt f\u00fcttert ja niemand mehr die Tiere!\u201c, \u201eBestimmt ist unser Futter schon l\u00e4ngst weg!\u201c oder \u201eWie geht es jetzt wohl den Tieren im Wald bei diesem Sturm?\u201c<\/p>\n<p>Diese und \u00e4hnliche S\u00e4tze h\u00f6rte man die letzten Tage des \u00f6fteren von den Waldkindern!<\/p>\n<p>Wie gut, dass man den Waldkindergarten mit seinen Tieren immer und jederzeit besuchen kann!<\/p>\n<p>Und so war auch in den Ferien das eine oder andere besorgte Waldkind im Morgenkreis zu sehen, um N\u00fcsse ins Eichh\u00f6rnchenfutterhaus, Sonnenblumenkerne ins Vogelfutterh\u00e4uschen zu f\u00fcllen oder Meisenkn\u00f6del aufzuh\u00e4ngen!<\/p>\n<p>Aber dennoch bleibt die Sehnsucht nach dem Waldkindergarten!<\/p>\n<p>Und so ist es gut, dass der Waldkindergarten nun wieder begonnen hat und sich alle wieder haben.<\/p>\n<p><span style=\"color: #000000;\"><span style=\"font-size: small;\"><b>Wussten Sie schon?<\/b><\/span><\/span><\/p>\n<p>Dass das Wintergoldh\u00e4hnchen mit einer Gr\u00f6\u00dfe von ca. neun Zentimeter und einem Gewicht von ca. sechs Gramm eines der kleinsten einheimischen V\u00f6gel ist und f\u00fcr den Nestbau unter anderem Spinnstoffe aus den Eierkokons von Spinnen und Raupen verwendet, um so ein besonders stabiles H\u00e4ngenest zu erhalten?<\/p>\n","protected":false},"excerpt":{"rendered":"<p>Es war sch\u00f6n, die ersehnten Ferien mit dem wundersch\u00f6nen Weihnachtsfest und den tollen Geschenken! Doch kaum ist Weihnachten und Silvester vorbei, sind die Gedanken der Waldkinder wieder bei den Waldtieren und Ihrem Waldkindergarten! \u201eJetzt f\u00fcttert ja niemand mehr die Tiere!\u201c, \u201eBestimmt ist unser Futter schon l\u00e4ngst weg!\u201c oder \u201eWie geht es jetzt wohl den Tieren&hellip; <a href=\"https:\/\/waldkindergarten-berglen.de\/?p=4438\" class=\"more-link\">Weiterlesen <span class=\"screen-reader-text\">Gro\u00dfe Freude auf den Wald<\/span><\/a><\/p>\n","protected":false},"author":7,"featured_media":0,"comment_status":"closed","ping_status":"closed","sticky":false,"template":"","format":"standard","meta":{"ngg_post_thumbnail":0,"_jetpack_memberships_contains_paid_content":false,"footnotes":""},"categories":[3],"tags":[],"class_list":["post-4438","post","type-post","status-publish","format-standard","hentry","category-berichte"],"jetpack_featured_media_url":"","jetpack_sharing_enabled":true,"_links":{"self":[{"href":"https:\/\/waldkindergarten-berglen.de\/index.php?rest_route=\/wp\/v2\/posts\/4438","targetHints":{"allow":["GET"]}}],"collection":[{"href":"https:\/\/waldkindergarten-berglen.de\/index.php?rest_route=\/wp\/v2\/posts"}],"about":[{"href":"https:\/\/waldkindergarten-berglen.de\/index.php?rest_route=\/wp\/v2\/types\/post"}],"author":[{"embeddable":true,"href":"https:\/\/waldkindergarten-berglen.de\/index.php?rest_route=\/wp\/v2\/users\/7"}],"replies":[{"embeddable":true,"href":"https:\/\/waldkindergarten-berglen.de\/index.php?rest_route=%2Fwp%2Fv2%2Fcomments&post=4438"}],"version-history":[{"count":1,"href":"https:\/\/waldkindergarten-berglen.de\/index.php?rest_route=\/wp\/v2\/posts\/4438\/revisions"}],"predecessor-version":[{"id":6624,"href":"https:\/\/waldkindergarten-berglen.de\/index.php?rest_route=\/wp\/v2\/posts\/4438\/revisions\/6624"}],"wp:attachment":[{"href":"https:\/\/waldkindergarten-berglen.de\/index.php?rest_route=%2Fwp%2Fv2%2Fmedia&parent=4438"}],"wp:term":[{"taxonomy":"category","embeddable":true,"href":"https:\/\/waldkindergarten-berglen.de\/index.php?rest_route=%2Fwp%2Fv2%2Fcategories&post=4438"},{"taxonomy":"post_tag","embeddable":true,"href":"https:\/\/waldkindergarten-berglen.de\/index.php?rest_route=%2Fwp%2Fv2%2Ftags&post=4438"}],"curies":[{"name":"wp","href":"https:\/\/api.w.org\/{rel}","templated":true}]}}