{"id":4448,"date":"2018-01-22T08:05:20","date_gmt":"2018-01-22T07:05:20","guid":{"rendered":"http:\/\/waldkindergarten-berglen.de\/?p=4448"},"modified":"2020-04-13T00:49:07","modified_gmt":"2020-04-12T22:49:07","slug":"sturmtage-mit-tollen-ueberraschungen","status":"publish","type":"post","link":"https:\/\/waldkindergarten-berglen.de\/?p=4448","title":{"rendered":"Sturmtage mit tollen \u00dcberraschungen"},"content":{"rendered":"<p>Wenn es wie in den letzten Tagen st\u00fcrmisch ist und somit im Wald zu gef\u00e4hrlich, halten sich die Wichtel und Zwerge auf den nahegelegenen Wiesen auf. Ist das Wetter jedoch sehr ungn\u00e4dig machen sie es sich in ihrer Schutzh\u00fctte und im Spatzennest ( der alten Kelter in Kottweil) gem\u00fctlich.<\/p>\n<p>Dort gibt es die M\u00f6glichkeit, ausgiebig zu basteln, Spiele zu spielen, B\u00fccher vorzulesen, zu kochen und vieles mehr was ansonsten eher im Hintergrund steht.<\/p>\n<p>Ausgerechnet an dem Tag an dem die Erzieherinnen mit dem Thema \u201eGeweihe\u201c starteten und im Morgenkreis dazu einige sch\u00f6ne Exemplare ausgestellt hatten, war Sturm angesagt.<\/p>\n<p>Und so kam es, dass die Waldkinder an diesem Tag auf den Wiesen unterwegs waren und dabei auch die Schafe auf ihrer Weide besuchten.<\/p>\n<p>Doch was war das? Da entdeckte ein Waldkind doch tats\u00e4chlich ein Reh mitten unter den Schafen! Es \u00e4ste friedlich zusammen mit den Schafen. Wie sie sp\u00e4ter erfuhren, war das Reh schon ortsbekannt f\u00fcr seine Besuche bei den Schafen.<\/p>\n<figure id=\"attachment_4449\" aria-describedby=\"caption-attachment-4449\" style=\"width: 300px\" class=\"wp-caption aligncenter\"><img loading=\"lazy\" decoding=\"async\" class=\"size-medium wp-image-4449\" src=\"http:\/\/waldkindergarten-berglen.de\/wp-content\/uploads\/2018\/01\/EinRehUnterSchafen-1-300x225.jpg\" alt=\"\" width=\"300\" height=\"225\" srcset=\"https:\/\/waldkindergarten-berglen.de\/wp-content\/uploads\/2018\/01\/EinRehUnterSchafen-1-300x225.jpg 300w, https:\/\/waldkindergarten-berglen.de\/wp-content\/uploads\/2018\/01\/EinRehUnterSchafen-1.jpg 400w\" sizes=\"auto, (max-width: 300px) 100vw, 300px\" \/><figcaption id=\"caption-attachment-4449\" class=\"wp-caption-text\">Ein Reh unter Schafen!<\/figcaption><\/figure>\n<p><span style=\"color: #3333ff;\">&nbsp;<\/span><\/p>\n<p>Auf dem R\u00fcckweg fand ein anderes Waldkind dann sogar noch ein verschmutztes Rehgeweih auf der Wiese. Ganz so, als wollten die Waldtiere den Kindern den Wald auf die Wiese bringen!<\/p>\n<figure id=\"attachment_4450\" aria-describedby=\"caption-attachment-4450\" style=\"width: 225px\" class=\"wp-caption aligncenter\"><img loading=\"lazy\" decoding=\"async\" class=\"size-medium wp-image-4450\" src=\"http:\/\/waldkindergarten-berglen.de\/wp-content\/uploads\/2018\/01\/EinRehgeweih-1-225x300.jpg\" alt=\"\" width=\"225\" height=\"300\"><figcaption id=\"caption-attachment-4450\" class=\"wp-caption-text\">Ein Rehgeweih!<\/figcaption><\/figure>\n<p><span style=\"color: #3333ff;\">&nbsp;<\/span><\/p>\n<p>Und zu allem Gl\u00fcck erschien dann auch noch ein riesiger, wundersch\u00f6ner Regenbogen!<\/p>\n<p>Was f\u00fcr ein wundervoller Vormittag!<\/p>\n<p><span style=\"color: #000000;\"><span style=\"font-size: small;\"><b>Wussten Sie schon?<\/b><\/span><\/span><\/p>\n<p>Dass das Geweih der Rehb\u00f6cke j\u00e4hrlich in der Zeit von Oktober bis November abf\u00e4llt und unter der sch\u00fctzenden Basthaut sofort ein neues Geweih innerhalb von 60 Tagen bis zum Januar nachw\u00e4chst?<\/p>\n","protected":false},"excerpt":{"rendered":"<p>Wenn es wie in den letzten Tagen st\u00fcrmisch ist und somit im Wald zu gef\u00e4hrlich, halten sich die Wichtel und Zwerge auf den nahegelegenen Wiesen auf. Ist das Wetter jedoch sehr ungn\u00e4dig machen sie es sich in ihrer Schutzh\u00fctte und im Spatzennest ( der alten Kelter in Kottweil) gem\u00fctlich. Dort gibt es die M\u00f6glichkeit, ausgiebig&hellip; <a href=\"https:\/\/waldkindergarten-berglen.de\/?p=4448\" class=\"more-link\">Weiterlesen <span class=\"screen-reader-text\">Sturmtage mit tollen \u00dcberraschungen<\/span><\/a><\/p>\n","protected":false},"author":7,"featured_media":0,"comment_status":"closed","ping_status":"closed","sticky":false,"template":"","format":"standard","meta":{"ngg_post_thumbnail":0,"_jetpack_memberships_contains_paid_content":false,"footnotes":""},"categories":[3],"tags":[],"class_list":["post-4448","post","type-post","status-publish","format-standard","hentry","category-berichte"],"jetpack_featured_media_url":"","jetpack_sharing_enabled":true,"_links":{"self":[{"href":"https:\/\/waldkindergarten-berglen.de\/index.php?rest_route=\/wp\/v2\/posts\/4448","targetHints":{"allow":["GET"]}}],"collection":[{"href":"https:\/\/waldkindergarten-berglen.de\/index.php?rest_route=\/wp\/v2\/posts"}],"about":[{"href":"https:\/\/waldkindergarten-berglen.de\/index.php?rest_route=\/wp\/v2\/types\/post"}],"author":[{"embeddable":true,"href":"https:\/\/waldkindergarten-berglen.de\/index.php?rest_route=\/wp\/v2\/users\/7"}],"replies":[{"embeddable":true,"href":"https:\/\/waldkindergarten-berglen.de\/index.php?rest_route=%2Fwp%2Fv2%2Fcomments&post=4448"}],"version-history":[{"count":1,"href":"https:\/\/waldkindergarten-berglen.de\/index.php?rest_route=\/wp\/v2\/posts\/4448\/revisions"}],"predecessor-version":[{"id":6622,"href":"https:\/\/waldkindergarten-berglen.de\/index.php?rest_route=\/wp\/v2\/posts\/4448\/revisions\/6622"}],"wp:attachment":[{"href":"https:\/\/waldkindergarten-berglen.de\/index.php?rest_route=%2Fwp%2Fv2%2Fmedia&parent=4448"}],"wp:term":[{"taxonomy":"category","embeddable":true,"href":"https:\/\/waldkindergarten-berglen.de\/index.php?rest_route=%2Fwp%2Fv2%2Fcategories&post=4448"},{"taxonomy":"post_tag","embeddable":true,"href":"https:\/\/waldkindergarten-berglen.de\/index.php?rest_route=%2Fwp%2Fv2%2Ftags&post=4448"}],"curies":[{"name":"wp","href":"https:\/\/api.w.org\/{rel}","templated":true}]}}