{"id":4460,"date":"2018-02-05T08:05:04","date_gmt":"2018-02-05T07:05:04","guid":{"rendered":"http:\/\/waldkindergarten-berglen.de\/?p=4460"},"modified":"2020-04-13T00:48:55","modified_gmt":"2020-04-12T22:48:55","slug":"falttechniken-in-der-vorschule","status":"publish","type":"post","link":"https:\/\/waldkindergarten-berglen.de\/?p=4460","title":{"rendered":"Falttechniken in der Vorschule"},"content":{"rendered":"<p>Wie in jedem anderen Kindergarten auch, haben unsere Vorsch\u00fcler regelm\u00e4\u00dfig Vorschulunterricht.<\/p>\n<p>Dabei widmen sie sich einen Vormittag in der Woche ausgiebig den Themen und Fertigkeiten, welche f\u00fcr die Schule relevant sind.<\/p>\n<p>Mindestens einmal im Monat werden sie dabei von unserer Kooperationslehrerin Michaela Greiner von der Oppelsbohmer Grundschule angeleitet und begleitet.<\/p>\n<p>In den vergangenen Wochen bastelten unsere Vorsch\u00fcler, die F\u00fcchse, jeweils ein Buch mit der Geschichte des kleinen Quadrats!<\/p>\n<p>Dazu schnitten sie Fragmente der Geschichte von einem Blatt aus, klebten sie folgerichtig je auf eine Doppelseite und bastelten nach Anleitung bestimmte Formen aus buntem Origamipapier dazu!<\/p>\n<p>Hierbei erlernten sie viele verschiedene Falttechniken, zeigten beim exakten Falten und der richtigen Kraftaufwendung, wie gut ihre feinmotorischen F\u00e4higkeiten sind und wie weit ihre kognitiven F\u00e4higkeiten in der Umsetzung der Anleitungen schon sind.<\/p>\n<figure id=\"attachment_4461\" aria-describedby=\"caption-attachment-4461\" style=\"width: 300px\" class=\"wp-caption aligncenter\"><img loading=\"lazy\" decoding=\"async\" class=\"size-medium wp-image-4461\" src=\"http:\/\/waldkindergarten-berglen.de\/wp-content\/uploads\/2018\/02\/AusDemKleinenQuadratEinenSpiegelGebastelt-1-300x170.jpg\" alt=\"\" width=\"300\" height=\"170\" srcset=\"https:\/\/waldkindergarten-berglen.de\/wp-content\/uploads\/2018\/02\/AusDemKleinenQuadratEinenSpiegelGebastelt-1-300x170.jpg 300w, https:\/\/waldkindergarten-berglen.de\/wp-content\/uploads\/2018\/02\/AusDemKleinenQuadratEinenSpiegelGebastelt-1-1024x579.jpg 1024w, https:\/\/waldkindergarten-berglen.de\/wp-content\/uploads\/2018\/02\/AusDemKleinenQuadratEinenSpiegelGebastelt-1-768x434.jpg 768w, https:\/\/waldkindergarten-berglen.de\/wp-content\/uploads\/2018\/02\/AusDemKleinenQuadratEinenSpiegelGebastelt-1-1536x869.jpg 1536w, https:\/\/waldkindergarten-berglen.de\/wp-content\/uploads\/2018\/02\/AusDemKleinenQuadratEinenSpiegelGebastelt-1-2048x1158.jpg 2048w, https:\/\/waldkindergarten-berglen.de\/wp-content\/uploads\/2018\/02\/AusDemKleinenQuadratEinenSpiegelGebastelt-1-1200x679.jpg 1200w, https:\/\/waldkindergarten-berglen.de\/wp-content\/uploads\/2018\/02\/AusDemKleinenQuadratEinenSpiegelGebastelt-1-1980x1120.jpg 1980w\" sizes=\"auto, (max-width: 300px) 100vw, 300px\" \/><figcaption id=\"caption-attachment-4461\" class=\"wp-caption-text\">Aus dem kleinen Quadrat einen Spiegel gebastelt!<\/figcaption><\/figure>\n<p><span style=\"color: #0000ff;\">&nbsp;<\/span><\/p>\n<p>Heraus kam ein tolles Buch mit einer gefalteten Schokoladentafel, einer gebastelten Bank, einem gl\u00e4nzendem Spiegel, einem Kleiderschrank und vielen anderen Basteleien.<\/p>\n<p>Dieses selbstgebastelte Buch kommt nat\u00fcrlich auch mit ins Portfolio, welches den Kindern bei der Verabschiedung feierlich \u00fcberreicht wird!<\/p>\n<p>Und h\u00e4lt somit eine der vielen, sch\u00f6nen Erinnerungen an ihre Kindergartenzeit f\u00fcr immer fest!<\/p>\n<p><span style=\"color: #000000;\"><span style=\"font-size: small;\"><b>Wussten Sie schon?<\/b><\/span><\/span><\/p>\n<p>Dass der Diplomp\u00e4dagoge und Grundschullehrer Dr. Peter H\u00e4fner in einer Studie zu seiner Promotion, Kinder die einen Waldkindergarten besucht haben als \u201e eine hoffnungsvolle Sch\u00fclergruppe, mit einer hohen Leistungsf\u00e4higkeit\u201c bezeichnete und in der Zusammenfassung zu seiner Doktorarbeit \u201e Nach \u00dcberzeugung der P\u00e4dagogen konnten sich Waldkinder in der Schule besser an Regeln halten, besser ihren Standpunkt vertreten, waren kreativer und fantasievoller und weniger aggressiv\u201c, schrieb?<\/p>\n","protected":false},"excerpt":{"rendered":"<p>Wie in jedem anderen Kindergarten auch, haben unsere Vorsch\u00fcler regelm\u00e4\u00dfig Vorschulunterricht. Dabei widmen sie sich einen Vormittag in der Woche ausgiebig den Themen und Fertigkeiten, welche f\u00fcr die Schule relevant sind. Mindestens einmal im Monat werden sie dabei von unserer Kooperationslehrerin Michaela Greiner von der Oppelsbohmer Grundschule angeleitet und begleitet. In den vergangenen Wochen bastelten&hellip; <a href=\"https:\/\/waldkindergarten-berglen.de\/?p=4460\" class=\"more-link\">Weiterlesen <span class=\"screen-reader-text\">Falttechniken in der Vorschule<\/span><\/a><\/p>\n","protected":false},"author":7,"featured_media":0,"comment_status":"closed","ping_status":"closed","sticky":false,"template":"","format":"standard","meta":{"ngg_post_thumbnail":0,"_jetpack_memberships_contains_paid_content":false,"footnotes":""},"categories":[3],"tags":[],"class_list":["post-4460","post","type-post","status-publish","format-standard","hentry","category-berichte"],"jetpack_featured_media_url":"","jetpack_sharing_enabled":true,"_links":{"self":[{"href":"https:\/\/waldkindergarten-berglen.de\/index.php?rest_route=\/wp\/v2\/posts\/4460","targetHints":{"allow":["GET"]}}],"collection":[{"href":"https:\/\/waldkindergarten-berglen.de\/index.php?rest_route=\/wp\/v2\/posts"}],"about":[{"href":"https:\/\/waldkindergarten-berglen.de\/index.php?rest_route=\/wp\/v2\/types\/post"}],"author":[{"embeddable":true,"href":"https:\/\/waldkindergarten-berglen.de\/index.php?rest_route=\/wp\/v2\/users\/7"}],"replies":[{"embeddable":true,"href":"https:\/\/waldkindergarten-berglen.de\/index.php?rest_route=%2Fwp%2Fv2%2Fcomments&post=4460"}],"version-history":[{"count":1,"href":"https:\/\/waldkindergarten-berglen.de\/index.php?rest_route=\/wp\/v2\/posts\/4460\/revisions"}],"predecessor-version":[{"id":6620,"href":"https:\/\/waldkindergarten-berglen.de\/index.php?rest_route=\/wp\/v2\/posts\/4460\/revisions\/6620"}],"wp:attachment":[{"href":"https:\/\/waldkindergarten-berglen.de\/index.php?rest_route=%2Fwp%2Fv2%2Fmedia&parent=4460"}],"wp:term":[{"taxonomy":"category","embeddable":true,"href":"https:\/\/waldkindergarten-berglen.de\/index.php?rest_route=%2Fwp%2Fv2%2Fcategories&post=4460"},{"taxonomy":"post_tag","embeddable":true,"href":"https:\/\/waldkindergarten-berglen.de\/index.php?rest_route=%2Fwp%2Fv2%2Ftags&post=4460"}],"curies":[{"name":"wp","href":"https:\/\/api.w.org\/{rel}","templated":true}]}}