{"id":4471,"date":"2018-03-05T08:05:23","date_gmt":"2018-03-05T07:05:23","guid":{"rendered":"http:\/\/waldkindergarten-berglen.de\/?p=4471"},"modified":"2020-04-13T00:48:43","modified_gmt":"2020-04-12T22:48:43","slug":"frostige-tage","status":"publish","type":"post","link":"https:\/\/waldkindergarten-berglen.de\/?p=4471","title":{"rendered":"Frostige Tage"},"content":{"rendered":"<p>In der vergangenen Woche zeigte uns der Winter, wie kalt er sein kann!<\/p>\n<p>Temperaturen um die -15\u00b0C hatten wir zwar in so manchen Wintern mal, doch zusammen mit einem solch starken und eisigen Wind nur sehr selten.<\/p>\n<p>Und so zeigten die Zwerge und Wichtel dem Winter, was <strong>sie<\/strong> k\u00f6nnen!<\/p>\n<p>In viele Schichten eingepackt, war viel Bewegung an m\u00f6glichst windstillen Pl\u00e4tzen angesagt.<\/p>\n<p>Da den Kindern viel Bewegung ja ohnehin Spa\u00df macht, ging es dann auch ganz gut.<\/p>\n<figure id=\"attachment_4472\" aria-describedby=\"caption-attachment-4472\" style=\"width: 300px\" class=\"wp-caption aligncenter\"><img loading=\"lazy\" decoding=\"async\" class=\"size-medium wp-image-4472\" src=\"http:\/\/waldkindergarten-berglen.de\/wp-content\/uploads\/2018\/03\/DerPolarexpress-1-300x225.jpg\" alt=\"\" width=\"300\" height=\"225\" srcset=\"https:\/\/waldkindergarten-berglen.de\/wp-content\/uploads\/2018\/03\/DerPolarexpress-1-300x225.jpg 300w, https:\/\/waldkindergarten-berglen.de\/wp-content\/uploads\/2018\/03\/DerPolarexpress-1.jpg 400w\" sizes=\"auto, (max-width: 300px) 100vw, 300px\" \/><figcaption id=\"caption-attachment-4472\" class=\"wp-caption-text\">Der Polarexpress!<\/figcaption><\/figure>\n<p>Und sollte doch mal jemand frieren, so bieten unsere beheizbare Schutzh\u00fctte und unser Spatzennest einen wohlig-warmen Ort zum Aufw\u00e4rmen f\u00fcr alle!<\/p>\n<p>So manches Kind nutzte die Eisesk\u00e4lte aber auch f\u00fcr den einen oder anderen \u201eMamatag\u201c zuhause!<\/p>\n<p><span style=\"color: #000000;\"><span style=\"font-size: small;\"><b>Wundersch\u00f6ne Dekorationen aus Eis<\/b><\/span><\/span><\/p>\n<p>Die anhaltende K\u00e4lte hat auch ihre sch\u00f6ne Seiten! Und die wissen unsere Erzieherinnen jedes Jahr aufs Neue wiederzuentdecken!<\/p>\n<p>So zauberten sie mit den Kindern&nbsp;wundersch\u00f6ne Winterdekorationen mit Wasser, Bl\u00fcten, Bl\u00e4ttern, Fr\u00fcchten u.v.m. in den unterschiedlichsten Formen!<\/p>\n<figure id=\"attachment_4473\" aria-describedby=\"caption-attachment-4473\" style=\"width: 300px\" class=\"wp-caption aligncenter\"><img loading=\"lazy\" decoding=\"async\" class=\"size-medium wp-image-4473\" src=\"http:\/\/waldkindergarten-berglen.de\/wp-content\/uploads\/2018\/03\/EinHerzAusEis-1-300x225.jpg\" alt=\"\" width=\"300\" height=\"225\" srcset=\"https:\/\/waldkindergarten-berglen.de\/wp-content\/uploads\/2018\/03\/EinHerzAusEis-1-300x225.jpg 300w, https:\/\/waldkindergarten-berglen.de\/wp-content\/uploads\/2018\/03\/EinHerzAusEis-1.jpg 400w\" sizes=\"auto, (max-width: 300px) 100vw, 300px\" \/><figcaption id=\"caption-attachment-4473\" class=\"wp-caption-text\">Ein Herz aus Eis!<\/figcaption><\/figure>\n<p>Ob Herzen, Tropfen, Vasen oder Schalen, in glasklarem oder gef\u00e4rbtem Eis, jedes einzelne ist ein Hingucker!<\/p>\n<figure id=\"attachment_4474\" aria-describedby=\"caption-attachment-4474\" style=\"width: 225px\" class=\"wp-caption aligncenter\"><img loading=\"lazy\" decoding=\"async\" class=\"size-medium wp-image-4474\" src=\"http:\/\/waldkindergarten-berglen.de\/wp-content\/uploads\/2018\/03\/EineTeelichtschaleAusEis-1-225x300.jpg\" alt=\"\" width=\"225\" height=\"300\"><figcaption id=\"caption-attachment-4474\" class=\"wp-caption-text\">Eine Teelichtschale aus Eis!<\/figcaption><\/figure>\n<p>Wie immer, k\u00f6nnen sie unsere Amtsblattausgabe auf unserer Internetseite <span style=\"color: #0000ff;\"><u><a href=\"http:\/\/www.waldkindergarten-berglen.de\/\">www.waldkindergarten-berglen.de<\/a><\/u><\/span> auch in Farbe betrachten!<\/p>\n<p><span style=\"color: #000000;\"><span style=\"font-size: small;\"><b>Welche Eigenschaften hat Eis?<\/b><\/span><\/span><\/p>\n<p>Der Waldkindergarten w\u00e4re nicht der Waldkindergarten, wenn er sich das Wetter nicht zunutze machen w\u00fcrde, um mehr \u00fcber die Welt und die Gesetzesm\u00e4\u00dfigkeiten der Natur zu erfahren und zu \u201ebegreifen\u201c!<\/p>\n<p>Und so waren Experimente mit Wasser und Eis fester Bestandteil des Kindergartenvormittags!<\/p>\n<p>Bei einem Experiment durften die Waldkinder ausprobieren, wie Salz Eis schmelzen kann, indem sie Speisesalz auf Eisw\u00fcrfel streuten. Diese Gefrierpunkterniedrigung nutzten sie auch, indem sie auf die entstandene feine Wasserschicht einen Faden legten, der nach kurzer Zeit mit festfror. Nun hatten sie einen Aufh\u00e4nger f\u00fcr ihre Kunstwerke!<\/p>\n<p><span style=\"color: #000000;\"><span style=\"font-size: small;\"><b>Wussten Sie schon?<\/b><\/span><\/span><\/p>\n<p>Dass Kristallisationskeime, also Verunreinigungen wie Bakterien, Staubpartikel u.\u00e4. f\u00fcr eine Eiskristallbildung notwendig sind, da sich die kristallisierenden Wassermolek\u00fcle an diese anlagern m\u00fcssen?<\/p>\n","protected":false},"excerpt":{"rendered":"<p>In der vergangenen Woche zeigte uns der Winter, wie kalt er sein kann! Temperaturen um die -15\u00b0C hatten wir zwar in so manchen Wintern mal, doch zusammen mit einem solch starken und eisigen Wind nur sehr selten. Und so zeigten die Zwerge und Wichtel dem Winter, was sie k\u00f6nnen! In viele Schichten eingepackt, war viel&hellip; <a href=\"https:\/\/waldkindergarten-berglen.de\/?p=4471\" class=\"more-link\">Weiterlesen <span class=\"screen-reader-text\">Frostige Tage<\/span><\/a><\/p>\n","protected":false},"author":7,"featured_media":0,"comment_status":"closed","ping_status":"closed","sticky":false,"template":"","format":"standard","meta":{"ngg_post_thumbnail":0,"_jetpack_memberships_contains_paid_content":false,"footnotes":""},"categories":[3],"tags":[],"class_list":["post-4471","post","type-post","status-publish","format-standard","hentry","category-berichte"],"jetpack_featured_media_url":"","jetpack_sharing_enabled":true,"_links":{"self":[{"href":"https:\/\/waldkindergarten-berglen.de\/index.php?rest_route=\/wp\/v2\/posts\/4471","targetHints":{"allow":["GET"]}}],"collection":[{"href":"https:\/\/waldkindergarten-berglen.de\/index.php?rest_route=\/wp\/v2\/posts"}],"about":[{"href":"https:\/\/waldkindergarten-berglen.de\/index.php?rest_route=\/wp\/v2\/types\/post"}],"author":[{"embeddable":true,"href":"https:\/\/waldkindergarten-berglen.de\/index.php?rest_route=\/wp\/v2\/users\/7"}],"replies":[{"embeddable":true,"href":"https:\/\/waldkindergarten-berglen.de\/index.php?rest_route=%2Fwp%2Fv2%2Fcomments&post=4471"}],"version-history":[{"count":1,"href":"https:\/\/waldkindergarten-berglen.de\/index.php?rest_route=\/wp\/v2\/posts\/4471\/revisions"}],"predecessor-version":[{"id":6618,"href":"https:\/\/waldkindergarten-berglen.de\/index.php?rest_route=\/wp\/v2\/posts\/4471\/revisions\/6618"}],"wp:attachment":[{"href":"https:\/\/waldkindergarten-berglen.de\/index.php?rest_route=%2Fwp%2Fv2%2Fmedia&parent=4471"}],"wp:term":[{"taxonomy":"category","embeddable":true,"href":"https:\/\/waldkindergarten-berglen.de\/index.php?rest_route=%2Fwp%2Fv2%2Fcategories&post=4471"},{"taxonomy":"post_tag","embeddable":true,"href":"https:\/\/waldkindergarten-berglen.de\/index.php?rest_route=%2Fwp%2Fv2%2Ftags&post=4471"}],"curies":[{"name":"wp","href":"https:\/\/api.w.org\/{rel}","templated":true}]}}