{"id":448,"date":"2015-10-26T09:00:24","date_gmt":"2015-10-26T07:00:24","guid":{"rendered":"http:\/\/waldkindergarten-berglen.de\/?p=448"},"modified":"2015-10-26T09:00:24","modified_gmt":"2015-10-26T07:00:24","slug":"neues-aus-der-waldspielgruppe-3","status":"publish","type":"post","link":"https:\/\/waldkindergarten-berglen.de\/?p=448","title":{"rendered":"Neues aus der Waldspielgruppe"},"content":{"rendered":"<p>Kalt war es schon, aber nicht \u00abegglhaft\u00bb, als wir uns am 21.10.15 trafen.Das lautstarke Mitsingen und Mittun einiger 2- J\u00e4hriger bei unseren Liedern zum Thema \u00abBl\u00e4tter\u00bb hob sowieso die Stimmung.<\/p>\n<p>Dem kalten Nebel begegneten wir mit goldenen Bl\u00e4ttern, aus denen wir uns Kronen bastelten.<\/p>\n<figure id=\"attachment_445\" aria-describedby=\"caption-attachment-445\" style=\"width: 460px\" class=\"wp-caption alignnone\"><img loading=\"lazy\" decoding=\"async\" class=\"size-full wp-image-445\" src=\"http:\/\/waldkindergarten-berglen.de\/wp-content\/uploads\/2016\/06\/998-1-1.jpg\" alt=\"Herbstprinzessinnen und -Prinzen!\" width=\"460\" height=\"345\" \/><figcaption id=\"caption-attachment-445\" class=\"wp-caption-text\">Herbstprinzessinnen und -Prinzen!<\/figcaption><\/figure>\n<p>Hartlaubige Bl\u00e4tter mit ausgepr\u00e4gtem Gerippe pausten wir mit weicher Wachsfarbe auf Butterbrotpapier und hatten wundersch\u00f6ne Ergebnisse.<\/p>\n<figure id=\"attachment_446\" aria-describedby=\"caption-attachment-446\" style=\"width: 460px\" class=\"wp-caption alignnone\"><img loading=\"lazy\" decoding=\"async\" class=\"size-full wp-image-446\" src=\"http:\/\/waldkindergarten-berglen.de\/wp-content\/uploads\/2016\/06\/999-1-1.jpg\" alt=\"Tadaa, schon erscheint ein blaues Blatt!\" width=\"460\" height=\"345\" \/><figcaption id=\"caption-attachment-446\" class=\"wp-caption-text\">Tadaa, schon erscheint ein blaues Blatt!<\/figcaption><\/figure>\n<p>Als die Sonne es endlich geschafft hatte, sich gegen den Nebel durchzusetzen, machten wir leider Schluss.<\/p>\n","protected":false},"excerpt":{"rendered":"<p>Kalt war es schon, aber nicht \u00abegglhaft\u00bb, als wir uns am 21.10.15 trafen.Das lautstarke Mitsingen und Mittun einiger 2- J\u00e4hriger bei unseren Liedern zum Thema \u00abBl\u00e4tter\u00bb hob sowieso die Stimmung. Dem kalten Nebel begegneten wir mit goldenen Bl\u00e4ttern, aus denen wir uns Kronen bastelten. Hartlaubige Bl\u00e4tter mit ausgepr\u00e4gtem Gerippe pausten wir mit weicher Wachsfarbe auf&hellip; <a href=\"https:\/\/waldkindergarten-berglen.de\/?p=448\" class=\"more-link\">Weiterlesen <span class=\"screen-reader-text\">Neues aus der Waldspielgruppe<\/span><\/a><\/p>\n","protected":false},"author":1,"featured_media":0,"comment_status":"closed","ping_status":"closed","sticky":false,"template":"","format":"standard","meta":{"ngg_post_thumbnail":0,"_jetpack_memberships_contains_paid_content":false,"footnotes":""},"categories":[11],"tags":[],"class_list":["post-448","post","type-post","status-publish","format-standard","hentry","category-waldspielgruppenberichte-bis-2017"],"jetpack_featured_media_url":"","jetpack_sharing_enabled":true,"_links":{"self":[{"href":"https:\/\/waldkindergarten-berglen.de\/index.php?rest_route=\/wp\/v2\/posts\/448","targetHints":{"allow":["GET"]}}],"collection":[{"href":"https:\/\/waldkindergarten-berglen.de\/index.php?rest_route=\/wp\/v2\/posts"}],"about":[{"href":"https:\/\/waldkindergarten-berglen.de\/index.php?rest_route=\/wp\/v2\/types\/post"}],"author":[{"embeddable":true,"href":"https:\/\/waldkindergarten-berglen.de\/index.php?rest_route=\/wp\/v2\/users\/1"}],"replies":[{"embeddable":true,"href":"https:\/\/waldkindergarten-berglen.de\/index.php?rest_route=%2Fwp%2Fv2%2Fcomments&post=448"}],"version-history":[{"count":0,"href":"https:\/\/waldkindergarten-berglen.de\/index.php?rest_route=\/wp\/v2\/posts\/448\/revisions"}],"wp:attachment":[{"href":"https:\/\/waldkindergarten-berglen.de\/index.php?rest_route=%2Fwp%2Fv2%2Fmedia&parent=448"}],"wp:term":[{"taxonomy":"category","embeddable":true,"href":"https:\/\/waldkindergarten-berglen.de\/index.php?rest_route=%2Fwp%2Fv2%2Fcategories&post=448"},{"taxonomy":"post_tag","embeddable":true,"href":"https:\/\/waldkindergarten-berglen.de\/index.php?rest_route=%2Fwp%2Fv2%2Ftags&post=448"}],"curies":[{"name":"wp","href":"https:\/\/api.w.org\/{rel}","templated":true}]}}