{"id":4486,"date":"2018-03-19T08:05:27","date_gmt":"2018-03-19T06:05:27","guid":{"rendered":"http:\/\/waldkindergarten-berglen.de\/?p=4486"},"modified":"2018-03-19T08:05:27","modified_gmt":"2018-03-19T06:05:27","slug":"ostern-ist-nicht-mehr-weit","status":"publish","type":"post","link":"https:\/\/waldkindergarten-berglen.de\/?p=4486","title":{"rendered":"Ostern ist nicht mehr weit"},"content":{"rendered":"<p>W\u00e4hrend der Winter noch den einen oder anderen Gru\u00df schickt, kommt der Fr\u00fchling immer n\u00e4her. Und mit dem Fr\u00fchling kommt auch schon bald Ostern.<\/p>\n<p>Deshalb basteln die Waldkinder schon flei\u00dfig an ihren Osternestern.<\/p>\n<p>Dazu haben sie eine Schnur durch den Rand eines St\u00fcck Hasengitters gef\u00e4delt und zusammengezogen bis sich eine halbrunde Form ergab.<\/p>\n<p>Danach webten sie bunte M\u00e4rchenwolle Reihe f\u00fcr Reihe durch das K\u00f6rbchen.<\/p>\n<figure id=\"attachment_4487\" aria-describedby=\"caption-attachment-4487\" style=\"width: 225px\" class=\"wp-caption aligncenter\"><img loading=\"lazy\" decoding=\"async\" class=\"size-medium wp-image-4487\" src=\"http:\/\/waldkindergarten-berglen.de\/wp-content\/uploads\/2018\/03\/IchWebeMirMeinOsternest-1-225x300.jpeg\" alt=\"\" width=\"225\" height=\"300\"><figcaption id=\"caption-attachment-4487\" class=\"wp-caption-text\">Ich webe mir mein Osternest!<\/figcaption><\/figure>\n<p><span style=\"color: #0000ff;\">&nbsp;<\/span><\/p>\n<p>So entstehen lauter wundersch\u00f6ne Unikate!<\/p>\n<p>Wovon jedes einzelne an eine selbstausgew\u00e4hlte, vorher wundersch\u00f6n hergerichtete Stelle am Osterplatz platziert wird. In der Hoffnung, dass der Osterhase am Tag des Osterfests etwas hineinlegt.<\/p>\n<p><span style=\"color: #000000;\"><span style=\"font-size: small;\"><b>Ein leckerer Eierschmaus<\/b><\/span><\/span><\/p>\n<p>Welch tolle \u00dcberraschung! Da bekamen die Waldkinder einen Brief von der \u201eTraudl von Schneckenburg\u201c, in dem sie schrieb, dass sie f\u00fcr die Kinder in M\u00fcllers Hofladen Eier gekauft h\u00e4tte, die sie nur noch abholen m\u00fcssten, um sich ein leckeres Essen zubereiten zu k\u00f6nnen!<\/p>\n<p>Nat\u00fcrlich machten sie sich alle gemeinsam sofort auf den Weg nach Kottweil und holten sich die Eier ab.<\/p>\n<p>Davon machten sie sich am n\u00e4chsten Tag \u00fcber der Feuerschale leckeres R\u00fchrei mit frischem Brot und von den Kindern kleingeschnittenem Schnittlauch!<\/p>\n<p>War das lecker!<\/p>\n<p>Vielen Dank liebe Traudl von Schneckenburg!<\/p>\n<p><span style=\"color: #000000;\"><span style=\"font-size: small;\"><b>Wussten Sie schon?<\/b><\/span><\/span><\/p>\n<p>Dass Eier auch bei der Herstellung mancher Temperafarben oder historischem M\u00f6rtel verwendet werden bzw. wurden, sowie aus den Strau\u00dfeneiern fr\u00fcher in Europa prunkvolle Trinkgef\u00e4\u00dfe und heute Lampenschirme und Schmuckgegenst\u00e4nde hergestellt werden?<\/p>\n","protected":false},"excerpt":{"rendered":"<p>W\u00e4hrend der Winter noch den einen oder anderen Gru\u00df schickt, kommt der Fr\u00fchling immer n\u00e4her. Und mit dem Fr\u00fchling kommt auch schon bald Ostern. Deshalb basteln die Waldkinder schon flei\u00dfig an ihren Osternestern. Dazu haben sie eine Schnur durch den Rand eines St\u00fcck Hasengitters gef\u00e4delt und zusammengezogen bis sich eine halbrunde Form ergab. Danach webten&hellip; <a href=\"https:\/\/waldkindergarten-berglen.de\/?p=4486\" class=\"more-link\">Weiterlesen <span class=\"screen-reader-text\">Ostern ist nicht mehr weit<\/span><\/a><\/p>\n","protected":false},"author":1,"featured_media":0,"comment_status":"closed","ping_status":"closed","sticky":false,"template":"","format":"standard","meta":{"ngg_post_thumbnail":0,"_jetpack_memberships_contains_paid_content":false,"footnotes":""},"categories":[3],"tags":[],"class_list":["post-4486","post","type-post","status-publish","format-standard","hentry","category-berichte"],"jetpack_featured_media_url":"","jetpack_sharing_enabled":true,"_links":{"self":[{"href":"https:\/\/waldkindergarten-berglen.de\/index.php?rest_route=\/wp\/v2\/posts\/4486","targetHints":{"allow":["GET"]}}],"collection":[{"href":"https:\/\/waldkindergarten-berglen.de\/index.php?rest_route=\/wp\/v2\/posts"}],"about":[{"href":"https:\/\/waldkindergarten-berglen.de\/index.php?rest_route=\/wp\/v2\/types\/post"}],"author":[{"embeddable":true,"href":"https:\/\/waldkindergarten-berglen.de\/index.php?rest_route=\/wp\/v2\/users\/1"}],"replies":[{"embeddable":true,"href":"https:\/\/waldkindergarten-berglen.de\/index.php?rest_route=%2Fwp%2Fv2%2Fcomments&post=4486"}],"version-history":[{"count":0,"href":"https:\/\/waldkindergarten-berglen.de\/index.php?rest_route=\/wp\/v2\/posts\/4486\/revisions"}],"wp:attachment":[{"href":"https:\/\/waldkindergarten-berglen.de\/index.php?rest_route=%2Fwp%2Fv2%2Fmedia&parent=4486"}],"wp:term":[{"taxonomy":"category","embeddable":true,"href":"https:\/\/waldkindergarten-berglen.de\/index.php?rest_route=%2Fwp%2Fv2%2Fcategories&post=4486"},{"taxonomy":"post_tag","embeddable":true,"href":"https:\/\/waldkindergarten-berglen.de\/index.php?rest_route=%2Fwp%2Fv2%2Ftags&post=4486"}],"curies":[{"name":"wp","href":"https:\/\/api.w.org\/{rel}","templated":true}]}}