{"id":450,"date":"2015-10-22T12:00:52","date_gmt":"2015-10-22T12:00:52","guid":{"rendered":"http:\/\/waldkindergarten-berglen.de\/?p=450"},"modified":"2015-10-22T12:00:52","modified_gmt":"2015-10-22T12:00:52","slug":"schokolade-oder-muesli","status":"publish","type":"post","link":"https:\/\/waldkindergarten-berglen.de\/?p=450","title":{"rendered":"Schokolade oder M\u00fcsli?"},"content":{"rendered":"<p>Der Morgenkreis bot unseren Waldkindern an einem Tag in dieser Woche einen ungew\u00f6hnlichen Anblick:<\/p>\n<figure id=\"attachment_451\" aria-describedby=\"caption-attachment-451\" style=\"width: 460px\" class=\"wp-caption alignnone\"><img loading=\"lazy\" decoding=\"async\" class=\"size-full wp-image-451\" src=\"http:\/\/waldkindergarten-berglen.de\/wp-content\/uploads\/2016\/06\/990-1-1.jpg\" alt=\"Welche Lebensmittel sind gesund?\" width=\"460\" height=\"345\" \/><figcaption id=\"caption-attachment-451\" class=\"wp-caption-text\">Welche Lebensmittel sind gesund?<\/figcaption><\/figure>\n<p>Nun sollten die Kinder, die gesunden Lebensmittel in einen orangenen Korb und die ungesunden in einen gr\u00fcnen Korb legen. Diese Aufgabe war gar nicht so einfach: Obst und Gem\u00fcse sind gesund, na klar! Aber was ist mit dem bunt verpackten Fruchtquark oder Milch-Pausensnack aus dem K\u00fchlregal des Supermarkts? Ein spannendes Spiel, das zu vielen Fragen f\u00fchrte und bei dem unsere Kinder einiges Neues \u00fcber gesunde Ern\u00e4hrung lernten.<\/p>\n<p>Sp\u00e4ter bereiteten die Kinder dann selbst ein leckeres M\u00fcsli aus gesundem frischem Obst und Getreide zu.<\/p>\n<p>In den letzten Tagen ist es merklich k\u00fchler geworden, doch der Herbstwald mit seinen bunten Bl\u00e4ttern l\u00e4dt die Kinder zum Sammeln und Entdecken ein. Aus roten und gelben Bl\u00e4ttern und kleinen \u00c4pfelchen bastelten unsere Wichtel und Zwerge wundersch\u00f6ne herbstliche Kr\u00e4nze, die sie stolz ihren Mamas \u00fcberreichten.<\/p>\n<figure id=\"attachment_452\" aria-describedby=\"caption-attachment-452\" style=\"width: 460px\" class=\"wp-caption alignnone\"><img loading=\"lazy\" decoding=\"async\" class=\"size-full wp-image-452\" src=\"http:\/\/waldkindergarten-berglen.de\/wp-content\/uploads\/2016\/06\/991-1-1.jpg\" alt=\"Kranz aus Naturmaterialien\" width=\"460\" height=\"345\" \/><figcaption id=\"caption-attachment-452\" class=\"wp-caption-text\">Kranz aus Naturmaterialien<\/figcaption><\/figure>\n<p><em>Wussten Sie schon?<\/em><br \/>\n<em>Dass Igel je nach Alter und Geschlecht zwischen 0,6 und 2 km auf ihren n\u00e4chtlichen Streifz\u00fcgen zur\u00fccklegen? Igelm\u00e4nnchen auf Brautschau laufen sogar bis zu 6 km durch die Nacht.<\/em><\/p>\n","protected":false},"excerpt":{"rendered":"<p>Der Morgenkreis bot unseren Waldkindern an einem Tag in dieser Woche einen ungew\u00f6hnlichen Anblick: Nun sollten die Kinder, die gesunden Lebensmittel in einen orangenen Korb und die ungesunden in einen gr\u00fcnen Korb legen. Diese Aufgabe war gar nicht so einfach: Obst und Gem\u00fcse sind gesund, na klar! Aber was ist mit dem bunt verpackten Fruchtquark&hellip; <a href=\"https:\/\/waldkindergarten-berglen.de\/?p=450\" class=\"more-link\">Weiterlesen <span class=\"screen-reader-text\">Schokolade oder M\u00fcsli?<\/span><\/a><\/p>\n","protected":false},"author":1,"featured_media":0,"comment_status":"closed","ping_status":"closed","sticky":false,"template":"","format":"standard","meta":{"ngg_post_thumbnail":0,"_jetpack_memberships_contains_paid_content":false,"footnotes":""},"categories":[3],"tags":[],"class_list":["post-450","post","type-post","status-publish","format-standard","hentry","category-berichte"],"jetpack_featured_media_url":"","jetpack_sharing_enabled":true,"_links":{"self":[{"href":"https:\/\/waldkindergarten-berglen.de\/index.php?rest_route=\/wp\/v2\/posts\/450","targetHints":{"allow":["GET"]}}],"collection":[{"href":"https:\/\/waldkindergarten-berglen.de\/index.php?rest_route=\/wp\/v2\/posts"}],"about":[{"href":"https:\/\/waldkindergarten-berglen.de\/index.php?rest_route=\/wp\/v2\/types\/post"}],"author":[{"embeddable":true,"href":"https:\/\/waldkindergarten-berglen.de\/index.php?rest_route=\/wp\/v2\/users\/1"}],"replies":[{"embeddable":true,"href":"https:\/\/waldkindergarten-berglen.de\/index.php?rest_route=%2Fwp%2Fv2%2Fcomments&post=450"}],"version-history":[{"count":0,"href":"https:\/\/waldkindergarten-berglen.de\/index.php?rest_route=\/wp\/v2\/posts\/450\/revisions"}],"wp:attachment":[{"href":"https:\/\/waldkindergarten-berglen.de\/index.php?rest_route=%2Fwp%2Fv2%2Fmedia&parent=450"}],"wp:term":[{"taxonomy":"category","embeddable":true,"href":"https:\/\/waldkindergarten-berglen.de\/index.php?rest_route=%2Fwp%2Fv2%2Fcategories&post=450"},{"taxonomy":"post_tag","embeddable":true,"href":"https:\/\/waldkindergarten-berglen.de\/index.php?rest_route=%2Fwp%2Fv2%2Ftags&post=450"}],"curies":[{"name":"wp","href":"https:\/\/api.w.org\/{rel}","templated":true}]}}