{"id":4528,"date":"2018-05-14T08:05:33","date_gmt":"2018-05-14T06:05:33","guid":{"rendered":"http:\/\/waldkindergarten-berglen.de\/?p=4528"},"modified":"2018-05-14T08:05:33","modified_gmt":"2018-05-14T06:05:33","slug":"kaum-platz-zum-ueberleben","status":"publish","type":"post","link":"https:\/\/waldkindergarten-berglen.de\/?p=4528","title":{"rendered":"Kaum Platz zum \u00dcberleben"},"content":{"rendered":"<p>Wundersch\u00f6nes, warmes Sommerwetter begleitete die Waldkinder in den letzten Tagen durch Wald und Wiesen! Es war noch nicht einmal ein Regenschauer zu erwarten!<\/p>\n<p>Doch dass dies f\u00fcr die Natur schnell kritisch werden kann, bemerkten sie, als sie wieder einmal auf den H\u00f6\u00dflinswarter Wiesen unterwegs waren.<\/p>\n<p>Da gibt es drei kleinere T\u00fcmpel. Und in allen Dreien schwammen Kaulquappen.<\/p>\n<figure id=\"attachment_4529\" aria-describedby=\"caption-attachment-4529\" style=\"width: 300px\" class=\"wp-caption aligncenter\"><img loading=\"lazy\" decoding=\"async\" class=\"size-medium wp-image-4529\" src=\"http:\/\/waldkindergarten-berglen.de\/wp-content\/uploads\/2018\/05\/KaulquappenInFlachemWasser-1-300x225.jpg\" alt=\"\" width=\"300\" height=\"225\" srcset=\"https:\/\/waldkindergarten-berglen.de\/wp-content\/uploads\/2018\/05\/KaulquappenInFlachemWasser-1-300x225.jpg 300w, https:\/\/waldkindergarten-berglen.de\/wp-content\/uploads\/2018\/05\/KaulquappenInFlachemWasser-1.jpg 400w\" sizes=\"auto, (max-width: 300px) 100vw, 300px\" \/><figcaption id=\"caption-attachment-4529\" class=\"wp-caption-text\">Kaulquappen in flachem Wasser!<\/figcaption><\/figure>\n<p>Teilweise schon mit Hinterbeinchen. Doch die T\u00fcmpel hatten kaum mehr Wasser und \u00e4hnelten eher gro\u00dfen Pf\u00fctzen.<\/p>\n<figure id=\"attachment_4530\" aria-describedby=\"caption-attachment-4530\" style=\"width: 300px\" class=\"wp-caption aligncenter\"><img loading=\"lazy\" decoding=\"async\" class=\"size-medium wp-image-4530\" src=\"http:\/\/waldkindergarten-berglen.de\/wp-content\/uploads\/2018\/05\/EinTuempelZurPfuetzeGeschrumpft-1-300x225.jpg\" alt=\"\" width=\"300\" height=\"225\" srcset=\"https:\/\/waldkindergarten-berglen.de\/wp-content\/uploads\/2018\/05\/EinTuempelZurPfuetzeGeschrumpft-1-300x225.jpg 300w, https:\/\/waldkindergarten-berglen.de\/wp-content\/uploads\/2018\/05\/EinTuempelZurPfuetzeGeschrumpft-1.jpg 400w\" sizes=\"auto, (max-width: 300px) 100vw, 300px\" \/><figcaption id=\"caption-attachment-4530\" class=\"wp-caption-text\">Ein T\u00fcmpel zur Pf\u00fctze geschrumpft!<\/figcaption><\/figure>\n<p><span style=\"color: #0000ff;\">&nbsp;<\/span><\/p>\n<p>Was es f\u00fcr die Wichtel sehr leicht machte, sie zu beobachten.<\/p>\n<p>Doch es war bedrohlich wenig Wasser! Und da war es auch nur wenig tr\u00f6stlich, schon ein paar kleine Fr\u00f6schchen um den T\u00fcmpel h\u00fcpfen zu sehen!<\/p>\n<figure id=\"attachment_4531\" aria-describedby=\"caption-attachment-4531\" style=\"width: 225px\" class=\"wp-caption aligncenter\"><img loading=\"lazy\" decoding=\"async\" class=\"size-medium wp-image-4531\" src=\"http:\/\/waldkindergarten-berglen.de\/wp-content\/uploads\/2018\/05\/EineKroete-1-225x300.jpg\" alt=\"\" width=\"225\" height=\"300\"><figcaption id=\"caption-attachment-4531\" class=\"wp-caption-text\">Eine Kr\u00f6te!<\/figcaption><\/figure>\n<p><span style=\"color: #0000ff;\">&nbsp;<\/span><\/p>\n<p>Zur\u00fcck am Waldspielplatz erz\u00e4hlten die Wichtel ihre Beobachtungen der Zwergengruppe, die daraufhin beschlo\u00df, die T\u00fcmpel am n\u00e4chsten Tag ebenfalls zu besuchen!<\/p>\n<p>Als diese ausger\u00fcstet mit Beh\u00e4ltern tags darauf dann ankamen, war der Wasserstand schon so niedrig, dass selbst f\u00fcr die Kaulquappen schwimmen kaum mehr m\u00f6glich war.<\/p>\n<p>Und so starteten die Zwerge eine kleine Rettungsaktion, indem sie alle sichtbaren Kaulquappen von dem fast ausgetrockneten T\u00fcmpel in den mittleren etwas gr\u00f6\u00dferen T\u00fcmpel umsiedelten.<\/p>\n<p>Und jetzt w\u00fcnschen sich die Waldkinder mit ihren Erzieherinnen sehnlichst Regen f\u00fcr alle Tiere, deren \u00dcberleben davon abh\u00e4ngt.<\/p>\n<p><span style=\"color: #000000;\"><span style=\"font-size: small;\"><b>Ganz einfach mehr Lebensraum schaffen<\/b><\/span><\/span><\/p>\n<p>Auch die Insekten, Schmetterlinge, Bienen, Wespen, Hummeln und viele andere Insekten finden kaum mehr genug geeignete Bl\u00fcten, die ihnen ausreichend Nahrung bieten k\u00f6nnen!<\/p>\n<p>Traurig bemerkten auch die Waldkinder schon, dass sie in diesem Jahr noch keine einzige Biene oder Hummel auf ihren t\u00e4glichen Ausfl\u00fcgen in Wald und Wiesen entdecken konnten.<\/p>\n<p>Und so \u00fcberlegten sie zusammen mit ihren Erzieherinnen, wie sie den Insekten und somit auch den \u00fcber ihnen in der Nahrungskette stehenden Tieren wie z.B. den V\u00f6geln helfen k\u00f6nnen.<\/p>\n<p>Die einfachste und grundlegendste Ma\u00dfnahme neuen Lebensraum und Nahrungsangebot zu schaffen, machten sich die Wichtel dann zur Aufgabe!<\/p>\n<p>Und so s\u00e4ten sie rund um ihren Morgenkreis viele verschiedene Wildblumensamen aus, die speziell den Insekten als Nahrungsquelle dienen.<\/p>\n<p>Hoffentlich werden die Blumen schnell gro\u00df und wundersch\u00f6n!<\/p>\n<p><span style=\"color: #000000;\"><span style=\"font-size: small;\"><b>Wussten Sie schon?<\/b><\/span><\/span><\/p>\n<p>Dass die Befruchtung durch Wildbienen und Hummeln schon im M\u00e4rz beginnt (also einige Zeit vor den Honigbienen) und diese auch bei K\u00e4lte und bedecktem Himmel pro Tier bis zu 5000 Bl\u00fcten am Tag best\u00e4uben?<\/p>\n<p><span style=\"color: #000000;\"><span style=\"font-size: small;\"><b>Neues aus der Waldspielgruppe<\/b><\/span><\/span><\/p>\n<p><span style=\"font-size: small;\">Nachdem wir letzte Woche Blumen gepflanzt haben, hatten wir diese Woche noch einmal das Thema \u201eBlumen\u201c.<\/span><\/p>\n<p><span style=\"font-size: small;\">Bei herrlichem Sonnenschein machten wir uns \u201eBlumen-Ohrringe\u201c aus echten Blumen. In einer Geschichte h\u00f6rten wir welche Tiere die Blumen besuchen. Nach dem Vesper entstanden noch sch\u00f6ne \u201eWunderblumen\u201c aus Papier, die sich im Wasser wie von Zauberhand \u00f6ffneten.<\/span><\/p>\n","protected":false},"excerpt":{"rendered":"<p>Wundersch\u00f6nes, warmes Sommerwetter begleitete die Waldkinder in den letzten Tagen durch Wald und Wiesen! Es war noch nicht einmal ein Regenschauer zu erwarten! Doch dass dies f\u00fcr die Natur schnell kritisch werden kann, bemerkten sie, als sie wieder einmal auf den H\u00f6\u00dflinswarter Wiesen unterwegs waren. Da gibt es drei kleinere T\u00fcmpel. Und in allen Dreien&hellip; <a href=\"https:\/\/waldkindergarten-berglen.de\/?p=4528\" class=\"more-link\">Weiterlesen <span class=\"screen-reader-text\">Kaum Platz zum \u00dcberleben<\/span><\/a><\/p>\n","protected":false},"author":1,"featured_media":0,"comment_status":"closed","ping_status":"closed","sticky":false,"template":"","format":"standard","meta":{"ngg_post_thumbnail":0,"_jetpack_memberships_contains_paid_content":false,"footnotes":""},"categories":[3],"tags":[],"class_list":["post-4528","post","type-post","status-publish","format-standard","hentry","category-berichte"],"jetpack_featured_media_url":"","jetpack_sharing_enabled":true,"_links":{"self":[{"href":"https:\/\/waldkindergarten-berglen.de\/index.php?rest_route=\/wp\/v2\/posts\/4528","targetHints":{"allow":["GET"]}}],"collection":[{"href":"https:\/\/waldkindergarten-berglen.de\/index.php?rest_route=\/wp\/v2\/posts"}],"about":[{"href":"https:\/\/waldkindergarten-berglen.de\/index.php?rest_route=\/wp\/v2\/types\/post"}],"author":[{"embeddable":true,"href":"https:\/\/waldkindergarten-berglen.de\/index.php?rest_route=\/wp\/v2\/users\/1"}],"replies":[{"embeddable":true,"href":"https:\/\/waldkindergarten-berglen.de\/index.php?rest_route=%2Fwp%2Fv2%2Fcomments&post=4528"}],"version-history":[{"count":0,"href":"https:\/\/waldkindergarten-berglen.de\/index.php?rest_route=\/wp\/v2\/posts\/4528\/revisions"}],"wp:attachment":[{"href":"https:\/\/waldkindergarten-berglen.de\/index.php?rest_route=%2Fwp%2Fv2%2Fmedia&parent=4528"}],"wp:term":[{"taxonomy":"category","embeddable":true,"href":"https:\/\/waldkindergarten-berglen.de\/index.php?rest_route=%2Fwp%2Fv2%2Fcategories&post=4528"},{"taxonomy":"post_tag","embeddable":true,"href":"https:\/\/waldkindergarten-berglen.de\/index.php?rest_route=%2Fwp%2Fv2%2Ftags&post=4528"}],"curies":[{"name":"wp","href":"https:\/\/api.w.org\/{rel}","templated":true}]}}