{"id":4535,"date":"2018-04-30T08:05:25","date_gmt":"2018-04-30T06:05:25","guid":{"rendered":"http:\/\/waldkindergarten-berglen.de\/?p=4535"},"modified":"2018-04-30T08:05:25","modified_gmt":"2018-04-30T06:05:25","slug":"mit-allen-sinnen-wahrnehmen","status":"publish","type":"post","link":"https:\/\/waldkindergarten-berglen.de\/?p=4535","title":{"rendered":"Mit allen Sinnen wahrnehmen"},"content":{"rendered":"<p>Welche Blumen und B\u00e4ume gibt es bei uns? Wie sehen sie aus? Wie riechen sie? Und wie f\u00fchlen sie sich an?<\/p>\n<p>Das wollten die Wichtel und Zwerge genauer herausfinden.<\/p>\n<p>Dazu stellten die Erzieherinnen verschiedene Wiesenblumen nebeneinander in den Morgenkreis und lie\u00dfen eine nach der anderen durch die Kinderh\u00e4nde wandern, damit diese sich ganz genau einpr\u00e4gen konnten, wie sich die verschiedenen Blumen anf\u00fchlen.<\/p>\n<p>Ist die Bl\u00fcte weich und gro\u00df? Oder klein und zart? Ist der Stiel dick und kurz? Oder lang und d\u00fcnn?<\/p>\n<p>Danach folgte ein Quiz mit K\u00e4rtchen, auf denen einzelne Silben dieser Blumen standen und zum besseren Erkennen ein passendes Bild!<\/p>\n<figure id=\"attachment_4536\" aria-describedby=\"caption-attachment-4536\" style=\"width: 170px\" class=\"wp-caption aligncenter\"><img loading=\"lazy\" decoding=\"async\" class=\"size-medium wp-image-4536\" src=\"http:\/\/waldkindergarten-berglen.de\/wp-content\/uploads\/2018\/05\/Wortsilben-1-170x300.jpg\" alt=\"\" width=\"170\" height=\"300\"><figcaption id=\"caption-attachment-4536\" class=\"wp-caption-text\">Wortsilben<\/figcaption><\/figure>\n<p>So stand auf dem einen K\u00e4rtchen z.B.\u201cL\u00f6wen\u201c und es war ein Bild von L\u00f6wen darauf und ein anderes worauf \u201eZahn\u201c stand und ein menschlicher Zahn abgebildet war!<\/p>\n<p>Auch diese K\u00e4rtchen gingen die Erzieherinnen mit den Kindern durch.<\/p>\n<p>Dann durfte jeweils ein Kind aus diesen Silbenk\u00e4rtchen einen Blumennamen zusammenzusetzen! Um sich danach eine Augenbinde anzulegen und abzuwarten, bis ein anderes Kind einzelne K\u00e4rtchen ausgetauscht hat. Um dann zu erkennen, welches K\u00e4rtchen falsch war!<\/p>\n<p>Die Vorsch\u00fcler, unsere F\u00fcchse, schauten sich dann noch die B\u00e4ume ganz genau an.<\/p>\n<figure id=\"attachment_4537\" aria-describedby=\"caption-attachment-4537\" style=\"width: 300px\" class=\"wp-caption aligncenter\"><img loading=\"lazy\" decoding=\"async\" class=\"size-medium wp-image-4537\" src=\"http:\/\/waldkindergarten-berglen.de\/wp-content\/uploads\/2018\/05\/Fuchskreis-1-300x225.jpg\" alt=\"\" width=\"300\" height=\"225\" srcset=\"https:\/\/waldkindergarten-berglen.de\/wp-content\/uploads\/2018\/05\/Fuchskreis-1-300x225.jpg 300w, https:\/\/waldkindergarten-berglen.de\/wp-content\/uploads\/2018\/05\/Fuchskreis-1.jpg 400w\" sizes=\"auto, (max-width: 300px) 100vw, 300px\" \/><figcaption id=\"caption-attachment-4537\" class=\"wp-caption-text\">Fuchskreis<\/figcaption><\/figure>\n<p>Die Rinde, die Bl\u00e4tter bzw. Nadeln und Zapfen! Machten einen Rindenabdruck mit Papier und Wachsmalstiften, malten Zapfen und Bl\u00e4tter ab und benannten diese.<\/p>\n<p>Zum Schlu\u00df wurde es etwas schwieriger, als sie die B\u00e4ume mit einer Augenbinde an der Rinde erkennen mussten!<\/p>\n<p>Na, da sind die Sinne f\u00fcr die Schule jetzt ja bestens gesch\u00e4rft!<\/p>\n<p><span style=\"color: #000000;\"><span style=\"font-size: small;\"><b>Wussten Sie schon?<\/b><\/span><\/span><\/p>\n<p>Dass die h\u00e4ufigsten vorkommenden B\u00e4ume bei uns Buche, Eiche, Fichte, Kiefer und L\u00e4rche sind?<\/p>\n<p>&nbsp;<\/p>\n<p>&nbsp;<\/p>\n<h4>Neues aus der Waldspielgruppe<\/h4>\n<p>Nachdem ich, bis jetzt die Waldspielgruppe mehrmals aus der \u201eMutterperspektive\u201c genie\u00dfen konnte, durfte ich sie am 2. Mai nun das erste Mal selber leiten.<br \/>\nBei trockenem Wetter trafen wir uns am Waldspielplatz, um nach einem kurzen Beginn gemeinsam zum St\u00fcckle des Waldkindergartens aufzubrechen. Unterwegs wurde nat\u00fcrlich ein Stopp beim Kletterberg eingelegt. Dort kreuzte eine lange Ameisenstra\u00dfe unseren Weg zur Spitze des H\u00fcgels, aber auch das wurde problemlos gemeistert und alle Kinder konnten nach dem Aufstieg den H\u00fcgel hinunterrutschen.<br \/>\nBeim St\u00fcckle angekommen, stellte sich uns die Schnecke \u201eUlrich\u201c vor und wollte gerne all unsere Namen wissen. Danach h\u00f6rten und erlebten wir das Gedicht vom \u201eBeet im Garten\u201c. Nun st\u00e4rkten wir uns mit unserem Vesper um dann, das gerade gesehene selber auszuprobieren. Wir steckten kleine Sonnenblumenkerne in T\u00f6pfchen mit Erde. Gro\u00dfen Spa\u00df machte das gie\u00dfen. Mal sehen bis wann wir Zuhause die erste gr\u00fcne Spitze entdecken werden.<\/p>\n<p>Ich freue mich aufs n\u00e4chste Mal!<\/p>\n<p>Katrin Aupperle<\/p>\n","protected":false},"excerpt":{"rendered":"<p>Welche Blumen und B\u00e4ume gibt es bei uns? Wie sehen sie aus? Wie riechen sie? Und wie f\u00fchlen sie sich an? Das wollten die Wichtel und Zwerge genauer herausfinden. Dazu stellten die Erzieherinnen verschiedene Wiesenblumen nebeneinander in den Morgenkreis und lie\u00dfen eine nach der anderen durch die Kinderh\u00e4nde wandern, damit diese sich ganz genau einpr\u00e4gen&hellip; <a href=\"https:\/\/waldkindergarten-berglen.de\/?p=4535\" class=\"more-link\">Weiterlesen <span class=\"screen-reader-text\">Mit allen Sinnen wahrnehmen<\/span><\/a><\/p>\n","protected":false},"author":1,"featured_media":0,"comment_status":"closed","ping_status":"closed","sticky":false,"template":"","format":"standard","meta":{"ngg_post_thumbnail":0,"_jetpack_memberships_contains_paid_content":false,"footnotes":""},"categories":[3],"tags":[],"class_list":["post-4535","post","type-post","status-publish","format-standard","hentry","category-berichte"],"jetpack_featured_media_url":"","jetpack_sharing_enabled":true,"_links":{"self":[{"href":"https:\/\/waldkindergarten-berglen.de\/index.php?rest_route=\/wp\/v2\/posts\/4535","targetHints":{"allow":["GET"]}}],"collection":[{"href":"https:\/\/waldkindergarten-berglen.de\/index.php?rest_route=\/wp\/v2\/posts"}],"about":[{"href":"https:\/\/waldkindergarten-berglen.de\/index.php?rest_route=\/wp\/v2\/types\/post"}],"author":[{"embeddable":true,"href":"https:\/\/waldkindergarten-berglen.de\/index.php?rest_route=\/wp\/v2\/users\/1"}],"replies":[{"embeddable":true,"href":"https:\/\/waldkindergarten-berglen.de\/index.php?rest_route=%2Fwp%2Fv2%2Fcomments&post=4535"}],"version-history":[{"count":0,"href":"https:\/\/waldkindergarten-berglen.de\/index.php?rest_route=\/wp\/v2\/posts\/4535\/revisions"}],"wp:attachment":[{"href":"https:\/\/waldkindergarten-berglen.de\/index.php?rest_route=%2Fwp%2Fv2%2Fmedia&parent=4535"}],"wp:term":[{"taxonomy":"category","embeddable":true,"href":"https:\/\/waldkindergarten-berglen.de\/index.php?rest_route=%2Fwp%2Fv2%2Fcategories&post=4535"},{"taxonomy":"post_tag","embeddable":true,"href":"https:\/\/waldkindergarten-berglen.de\/index.php?rest_route=%2Fwp%2Fv2%2Ftags&post=4535"}],"curies":[{"name":"wp","href":"https:\/\/api.w.org\/{rel}","templated":true}]}}