{"id":4539,"date":"2018-05-02T08:00:34","date_gmt":"2018-05-02T06:00:34","guid":{"rendered":"http:\/\/waldkindergarten-berglen.de\/?p=4539"},"modified":"2018-05-02T08:00:34","modified_gmt":"2018-05-02T06:00:34","slug":"neues-aus-der-waldspielgruppe-50","status":"publish","type":"post","link":"https:\/\/waldkindergarten-berglen.de\/?p=4539","title":{"rendered":"Neues aus der Waldspielgruppe KW18"},"content":{"rendered":"<p>Nachdem ich, bis jetzt die Waldspielgruppe mehrmals aus der \u201eMutterperspektive\u201c genie\u00dfen konnte, durfte ich sie am 2. Mai nun das erste Mal selber leiten.<br \/>\nBei trockenem Wetter trafen wir uns am Waldspielplatz, um nach einem kurzen Beginn gemeinsam zum St\u00fcckle des Waldkindergartens aufzubrechen.<\/p>\n<p>Unterwegs wurde nat\u00fcrlich ein Stopp beim Kletterberg eingelegt.<\/p>\n<p>Dort kreuzte eine lange Ameisenstra\u00dfe unseren Weg zur Spitze des H\u00fcgels, aber auch das wurde problemlos gemeistert und alle Kinder konnten nach dem Aufstieg den H\u00fcgel hinunterrutschen.<\/p>\n<p>Beim St\u00fcckle angekommen, stellte sich uns die Schnecke \u201eUlrich\u201c vor und wollte gerne all unsere Namen wissen.<\/p>\n<p>Danach h\u00f6rten und erlebten wir das Gedicht vom \u201eBeet im Garten\u201c.<\/p>\n<p>Nun st\u00e4rkten wir uns mit unserem Vesper um dann, das gerade gesehene selber auszuprobieren.<\/p>\n<p>Wir steckten kleine Sonnenblumenkerne in T\u00f6pfchen mit Erde.<\/p>\n<p>Gro\u00dfen Spa\u00df machte das gie\u00dfen. Mal sehen bis wann wir Zuhause die erste gr\u00fcne Spitze entdecken werden.<\/p>\n<p>Ich freue mich aufs n\u00e4chste Mal!<\/p>\n<p>Katrin Aupperle<\/p>\n","protected":false},"excerpt":{"rendered":"<p>Nachdem ich, bis jetzt die Waldspielgruppe mehrmals aus der \u201eMutterperspektive\u201c genie\u00dfen konnte, durfte ich sie am 2. Mai nun das erste Mal selber leiten. Bei trockenem Wetter trafen wir uns am Waldspielplatz, um nach einem kurzen Beginn gemeinsam zum St\u00fcckle des Waldkindergartens aufzubrechen. Unterwegs wurde nat\u00fcrlich ein Stopp beim Kletterberg eingelegt. Dort kreuzte eine lange&hellip; <a href=\"https:\/\/waldkindergarten-berglen.de\/?p=4539\" class=\"more-link\">Weiterlesen <span class=\"screen-reader-text\">Neues aus der Waldspielgruppe KW18<\/span><\/a><\/p>\n","protected":false},"author":5,"featured_media":0,"comment_status":"closed","ping_status":"closed","sticky":false,"template":"","format":"standard","meta":{"ngg_post_thumbnail":0,"_jetpack_memberships_contains_paid_content":false,"footnotes":""},"categories":[9],"tags":[],"class_list":["post-4539","post","type-post","status-publish","format-standard","hentry","category-waldspielgruppenberichte-2018-2021"],"jetpack_featured_media_url":"","jetpack_sharing_enabled":true,"_links":{"self":[{"href":"https:\/\/waldkindergarten-berglen.de\/index.php?rest_route=\/wp\/v2\/posts\/4539","targetHints":{"allow":["GET"]}}],"collection":[{"href":"https:\/\/waldkindergarten-berglen.de\/index.php?rest_route=\/wp\/v2\/posts"}],"about":[{"href":"https:\/\/waldkindergarten-berglen.de\/index.php?rest_route=\/wp\/v2\/types\/post"}],"author":[{"embeddable":true,"href":"https:\/\/waldkindergarten-berglen.de\/index.php?rest_route=\/wp\/v2\/users\/5"}],"replies":[{"embeddable":true,"href":"https:\/\/waldkindergarten-berglen.de\/index.php?rest_route=%2Fwp%2Fv2%2Fcomments&post=4539"}],"version-history":[{"count":0,"href":"https:\/\/waldkindergarten-berglen.de\/index.php?rest_route=\/wp\/v2\/posts\/4539\/revisions"}],"wp:attachment":[{"href":"https:\/\/waldkindergarten-berglen.de\/index.php?rest_route=%2Fwp%2Fv2%2Fmedia&parent=4539"}],"wp:term":[{"taxonomy":"category","embeddable":true,"href":"https:\/\/waldkindergarten-berglen.de\/index.php?rest_route=%2Fwp%2Fv2%2Fcategories&post=4539"},{"taxonomy":"post_tag","embeddable":true,"href":"https:\/\/waldkindergarten-berglen.de\/index.php?rest_route=%2Fwp%2Fv2%2Ftags&post=4539"}],"curies":[{"name":"wp","href":"https:\/\/api.w.org\/{rel}","templated":true}]}}