{"id":456,"date":"2015-10-22T11:00:30","date_gmt":"2015-10-22T09:00:30","guid":{"rendered":"http:\/\/waldkindergarten-berglen.de\/?p=456"},"modified":"2015-10-22T11:00:30","modified_gmt":"2015-10-22T09:00:30","slug":"neues-aus-der-waldspielgruppe-4","status":"publish","type":"post","link":"https:\/\/waldkindergarten-berglen.de\/?p=456","title":{"rendered":"Neues aus der Waldspielgruppe"},"content":{"rendered":"<p>Wir freuten uns, als die Gruppe morgens anfing, und &#8211; ebenfalls, als wir zum Ende kamen, denn: Der Vormittag des 14.10 15 war klassisch neblig und kalt.<br \/>\nUm dem Grau etwas entgegenzusetzen besch\u00e4ftigte uns das Thema \u00abB\u00e4ume und Farben im Herbst\u00bb. Nach einigen Bewegungsliedern zum Thema (am beliebtesten sind diejenigen, wo diverse Kinder von B\u00e4umen plumpsen&#8230;), machten wir uns auf den Weg, um kleine Schokot\u00e4felchen in Herbstlaubfarben im Wald zu suchen. Da war wirklich gutes Hinschauen gefragt, aber jedes Kind hatte ein Erfolgserlebnis.<\/p>\n<figure id=\"attachment_453\" aria-describedby=\"caption-attachment-453\" style=\"width: 345px\" class=\"wp-caption alignnone\"><img loading=\"lazy\" decoding=\"async\" class=\"size-full wp-image-453\" src=\"http:\/\/waldkindergarten-berglen.de\/wp-content\/uploads\/2016\/06\/992-1-1.jpg\" alt=\"Buntes Herbstlaub\" width=\"345\" height=\"460\" \/><figcaption id=\"caption-attachment-453\" class=\"wp-caption-text\">Buntes Herbstlaub<\/figcaption><\/figure>\n<p>Nach dem Genuss und Klettern im Wald wuschen wir mit warmem Wasser die klammen H\u00e4nde. Mit eben diesen klammen H\u00e4nden wurde nach dem Vesper noch aus gesammeltem, buntem Herbstlaub gebastelt. Entweder die Kinder halfen beim Bl\u00e4tterauff\u00e4deln f\u00fcr lange Deko- Ketten, oder wir drehten Bl\u00e4tter-Rosen.<\/p>\n<figure id=\"attachment_454\" aria-describedby=\"caption-attachment-454\" style=\"width: 345px\" class=\"wp-caption alignnone\"><img loading=\"lazy\" decoding=\"async\" class=\"size-full wp-image-454\" src=\"http:\/\/waldkindergarten-berglen.de\/wp-content\/uploads\/2016\/06\/993-1-1.jpg\" alt=\"Bl\u00e4tterrosen\" width=\"345\" height=\"460\" \/><figcaption id=\"caption-attachment-454\" class=\"wp-caption-text\">Bl\u00e4tterrosen<\/figcaption><\/figure>\n<p>Ein Platz im Freien mit Sitz- und Bodenheizung w\u00e4re der Platz unseres Vertrauens.<\/p>\n","protected":false},"excerpt":{"rendered":"<p>Wir freuten uns, als die Gruppe morgens anfing, und &#8211; ebenfalls, als wir zum Ende kamen, denn: Der Vormittag des 14.10 15 war klassisch neblig und kalt. Um dem Grau etwas entgegenzusetzen besch\u00e4ftigte uns das Thema \u00abB\u00e4ume und Farben im Herbst\u00bb. Nach einigen Bewegungsliedern zum Thema (am beliebtesten sind diejenigen, wo diverse Kinder von B\u00e4umen&hellip; <a href=\"https:\/\/waldkindergarten-berglen.de\/?p=456\" class=\"more-link\">Weiterlesen <span class=\"screen-reader-text\">Neues aus der Waldspielgruppe<\/span><\/a><\/p>\n","protected":false},"author":1,"featured_media":0,"comment_status":"closed","ping_status":"closed","sticky":false,"template":"","format":"standard","meta":{"ngg_post_thumbnail":0,"_jetpack_memberships_contains_paid_content":false,"footnotes":""},"categories":[11],"tags":[],"class_list":["post-456","post","type-post","status-publish","format-standard","hentry","category-waldspielgruppenberichte-bis-2017"],"jetpack_featured_media_url":"","jetpack_sharing_enabled":true,"_links":{"self":[{"href":"https:\/\/waldkindergarten-berglen.de\/index.php?rest_route=\/wp\/v2\/posts\/456","targetHints":{"allow":["GET"]}}],"collection":[{"href":"https:\/\/waldkindergarten-berglen.de\/index.php?rest_route=\/wp\/v2\/posts"}],"about":[{"href":"https:\/\/waldkindergarten-berglen.de\/index.php?rest_route=\/wp\/v2\/types\/post"}],"author":[{"embeddable":true,"href":"https:\/\/waldkindergarten-berglen.de\/index.php?rest_route=\/wp\/v2\/users\/1"}],"replies":[{"embeddable":true,"href":"https:\/\/waldkindergarten-berglen.de\/index.php?rest_route=%2Fwp%2Fv2%2Fcomments&post=456"}],"version-history":[{"count":0,"href":"https:\/\/waldkindergarten-berglen.de\/index.php?rest_route=\/wp\/v2\/posts\/456\/revisions"}],"wp:attachment":[{"href":"https:\/\/waldkindergarten-berglen.de\/index.php?rest_route=%2Fwp%2Fv2%2Fmedia&parent=456"}],"wp:term":[{"taxonomy":"category","embeddable":true,"href":"https:\/\/waldkindergarten-berglen.de\/index.php?rest_route=%2Fwp%2Fv2%2Fcategories&post=456"},{"taxonomy":"post_tag","embeddable":true,"href":"https:\/\/waldkindergarten-berglen.de\/index.php?rest_route=%2Fwp%2Fv2%2Ftags&post=456"}],"curies":[{"name":"wp","href":"https:\/\/api.w.org\/{rel}","templated":true}]}}