{"id":4575,"date":"2018-06-11T08:05:57","date_gmt":"2018-06-11T06:05:57","guid":{"rendered":"http:\/\/waldkindergarten-berglen.de\/?p=4575"},"modified":"2018-06-11T08:05:57","modified_gmt":"2018-06-11T06:05:57","slug":"vorfreude-auf-die-schule","status":"publish","type":"post","link":"https:\/\/waldkindergarten-berglen.de\/?p=4575","title":{"rendered":"Vorfreude auf die Schule"},"content":{"rendered":"<p>Unsere Vorsch\u00fcler, die F\u00fcchse, durften in den vergangenen Wochen in ihren jeweiligen Schulen zu einem Schnupperunterricht kommen!<\/p>\n<p>Als letzte Gruppe, waren letzte Woche die zuk\u00fcnftigen Erstkl\u00e4ssler von Oppelsbohm an der Reihe!<\/p>\n<p>Frau Greiner kennen alle schon als Kooperationslehrerin und Mutter aus dem Waldkindergarten.<\/p>\n<p>Sie stellte den Kindern die Lernpuppe Lola vor, die den Unterricht der Erstkl\u00e4ssler begleitet.<\/p>\n<p>Danach bekam die Kinder ein \u00dcbungsheft, in dem jedes Kind f\u00fcr sich einige Seiten arbeiten sollte.<\/p>\n<figure id=\"attachment_4576\" aria-describedby=\"caption-attachment-4576\" style=\"width: 300px\" class=\"wp-caption aligncenter\"><img loading=\"lazy\" decoding=\"async\" class=\"size-medium wp-image-4576\" src=\"http:\/\/waldkindergarten-berglen.de\/wp-content\/uploads\/2018\/06\/KonzentriertImSchnupperunterricht-1-300x225.jpg\" alt=\"\" width=\"300\" height=\"225\" srcset=\"https:\/\/waldkindergarten-berglen.de\/wp-content\/uploads\/2018\/06\/KonzentriertImSchnupperunterricht-1-300x225.jpg 300w, https:\/\/waldkindergarten-berglen.de\/wp-content\/uploads\/2018\/06\/KonzentriertImSchnupperunterricht-1.jpg 400w\" sizes=\"auto, (max-width: 300px) 100vw, 300px\" \/><figcaption id=\"caption-attachment-4576\" class=\"wp-caption-text\">Konzentriert im Schnupperunterricht!<\/figcaption><\/figure>\n<p><span style=\"color: #0000ff;\">&nbsp;<\/span><\/p>\n<p>Alle waren sehr konzentriert bei der Arbeit und hatten dabei gro\u00dfen Spa\u00df.<\/p>\n<p>Zum Abschlu\u00df bekamen sie die restlichen Aufgaben im Heft noch als Hausaufgaben auf!<\/p>\n<p>Na, da f\u00fchlt man sich ja schon wie ein richtiges Schulkind!<\/p>\n<p><span style=\"color: #000000;\"><span style=\"font-size: small;\"><b>Wussten Sie schon?<\/b><\/span><\/span><\/p>\n<p>Dass Rehkitze bis zu vier Wochen nach ihrer Geburt in ihrer Deckung verbleiben und sich bei L\u00e4rm, raschen Bewegungen in ihrer N\u00e4he oder fremden Ger\u00fcchen fest an den Boden pressen?<\/p>\n","protected":false},"excerpt":{"rendered":"<p>Unsere Vorsch\u00fcler, die F\u00fcchse, durften in den vergangenen Wochen in ihren jeweiligen Schulen zu einem Schnupperunterricht kommen! Als letzte Gruppe, waren letzte Woche die zuk\u00fcnftigen Erstkl\u00e4ssler von Oppelsbohm an der Reihe! Frau Greiner kennen alle schon als Kooperationslehrerin und Mutter aus dem Waldkindergarten. Sie stellte den Kindern die Lernpuppe Lola vor, die den Unterricht der&hellip; <a href=\"https:\/\/waldkindergarten-berglen.de\/?p=4575\" class=\"more-link\">Weiterlesen <span class=\"screen-reader-text\">Vorfreude auf die Schule<\/span><\/a><\/p>\n","protected":false},"author":1,"featured_media":0,"comment_status":"closed","ping_status":"closed","sticky":false,"template":"","format":"standard","meta":{"ngg_post_thumbnail":0,"_jetpack_memberships_contains_paid_content":false,"footnotes":""},"categories":[3],"tags":[],"class_list":["post-4575","post","type-post","status-publish","format-standard","hentry","category-berichte"],"jetpack_featured_media_url":"","jetpack_sharing_enabled":true,"_links":{"self":[{"href":"https:\/\/waldkindergarten-berglen.de\/index.php?rest_route=\/wp\/v2\/posts\/4575","targetHints":{"allow":["GET"]}}],"collection":[{"href":"https:\/\/waldkindergarten-berglen.de\/index.php?rest_route=\/wp\/v2\/posts"}],"about":[{"href":"https:\/\/waldkindergarten-berglen.de\/index.php?rest_route=\/wp\/v2\/types\/post"}],"author":[{"embeddable":true,"href":"https:\/\/waldkindergarten-berglen.de\/index.php?rest_route=\/wp\/v2\/users\/1"}],"replies":[{"embeddable":true,"href":"https:\/\/waldkindergarten-berglen.de\/index.php?rest_route=%2Fwp%2Fv2%2Fcomments&post=4575"}],"version-history":[{"count":0,"href":"https:\/\/waldkindergarten-berglen.de\/index.php?rest_route=\/wp\/v2\/posts\/4575\/revisions"}],"wp:attachment":[{"href":"https:\/\/waldkindergarten-berglen.de\/index.php?rest_route=%2Fwp%2Fv2%2Fmedia&parent=4575"}],"wp:term":[{"taxonomy":"category","embeddable":true,"href":"https:\/\/waldkindergarten-berglen.de\/index.php?rest_route=%2Fwp%2Fv2%2Fcategories&post=4575"},{"taxonomy":"post_tag","embeddable":true,"href":"https:\/\/waldkindergarten-berglen.de\/index.php?rest_route=%2Fwp%2Fv2%2Ftags&post=4575"}],"curies":[{"name":"wp","href":"https:\/\/api.w.org\/{rel}","templated":true}]}}