{"id":458,"date":"2015-10-14T12:00:04","date_gmt":"2015-10-14T12:00:04","guid":{"rendered":"http:\/\/waldkindergarten-berglen.de\/?p=458"},"modified":"2015-10-14T12:00:04","modified_gmt":"2015-10-14T12:00:04","slug":"kleine-haende-grosses-geschick","status":"publish","type":"post","link":"https:\/\/waldkindergarten-berglen.de\/?p=458","title":{"rendered":"Kleine H\u00e4nde \u2013 gro\u00dfes Geschick"},"content":{"rendered":"<p>Unsere Waldkinder lernen gesunde Ern\u00e4hrung mit all ihren Sinnen!<\/p>\n<p>Sie schneiden knackige \u00c4pfel in kleine St\u00fccke, kochen diese \u00fcber dem Feuer zu lecker duftendem Apfelkompott, verfeinern mit Sahne und Haferflocken und nat\u00fcrlich wird zum Schluss alles mit viel Genuss verspeist.<\/p>\n<p>Der Stolz auf die selbst gekochten K\u00f6stlichkeiten und das gro\u00dfe \u00abMmh\u00bb und \u00abLecker\u00bb aus aller Munde macht Lust auf mehr. Und es kommt sofort die Frage auf: \u00abWas kochen wir morgen?\u00bb<\/p>\n<p>Ganz klar, das die Wichtel und Zwerge ihre Rezepte zuhause mit Mama oder Papa zusammen nachkochen m\u00f6chten und daf\u00fcr dann viel Lob ernten.<\/p>\n<p>Das macht in mehrerlei Hinsicht richtig stark!<\/p>\n<p><em>Wussten Sie schon?<\/em><br \/>\n<em>Dass Hafer durch seinen enormen N\u00e4hr- und Vitalstoffgehalt mit Abstand das Ges\u00fcndeste von allen Getreidearten ist?<\/em><\/p>\n","protected":false},"excerpt":{"rendered":"<p>Unsere Waldkinder lernen gesunde Ern\u00e4hrung mit all ihren Sinnen! Sie schneiden knackige \u00c4pfel in kleine St\u00fccke, kochen diese \u00fcber dem Feuer zu lecker duftendem Apfelkompott, verfeinern mit Sahne und Haferflocken und nat\u00fcrlich wird zum Schluss alles mit viel Genuss verspeist. Der Stolz auf die selbst gekochten K\u00f6stlichkeiten und das gro\u00dfe \u00abMmh\u00bb und \u00abLecker\u00bb aus aller&hellip; <a href=\"https:\/\/waldkindergarten-berglen.de\/?p=458\" class=\"more-link\">Weiterlesen <span class=\"screen-reader-text\">Kleine H\u00e4nde \u2013 gro\u00dfes Geschick<\/span><\/a><\/p>\n","protected":false},"author":1,"featured_media":0,"comment_status":"closed","ping_status":"closed","sticky":false,"template":"","format":"standard","meta":{"ngg_post_thumbnail":0,"_jetpack_memberships_contains_paid_content":false,"footnotes":""},"categories":[3],"tags":[],"class_list":["post-458","post","type-post","status-publish","format-standard","hentry","category-berichte"],"jetpack_featured_media_url":"","jetpack_sharing_enabled":true,"_links":{"self":[{"href":"https:\/\/waldkindergarten-berglen.de\/index.php?rest_route=\/wp\/v2\/posts\/458","targetHints":{"allow":["GET"]}}],"collection":[{"href":"https:\/\/waldkindergarten-berglen.de\/index.php?rest_route=\/wp\/v2\/posts"}],"about":[{"href":"https:\/\/waldkindergarten-berglen.de\/index.php?rest_route=\/wp\/v2\/types\/post"}],"author":[{"embeddable":true,"href":"https:\/\/waldkindergarten-berglen.de\/index.php?rest_route=\/wp\/v2\/users\/1"}],"replies":[{"embeddable":true,"href":"https:\/\/waldkindergarten-berglen.de\/index.php?rest_route=%2Fwp%2Fv2%2Fcomments&post=458"}],"version-history":[{"count":0,"href":"https:\/\/waldkindergarten-berglen.de\/index.php?rest_route=\/wp\/v2\/posts\/458\/revisions"}],"wp:attachment":[{"href":"https:\/\/waldkindergarten-berglen.de\/index.php?rest_route=%2Fwp%2Fv2%2Fmedia&parent=458"}],"wp:term":[{"taxonomy":"category","embeddable":true,"href":"https:\/\/waldkindergarten-berglen.de\/index.php?rest_route=%2Fwp%2Fv2%2Fcategories&post=458"},{"taxonomy":"post_tag","embeddable":true,"href":"https:\/\/waldkindergarten-berglen.de\/index.php?rest_route=%2Fwp%2Fv2%2Ftags&post=458"}],"curies":[{"name":"wp","href":"https:\/\/api.w.org\/{rel}","templated":true}]}}