{"id":460,"date":"2015-10-14T11:00:55","date_gmt":"2015-10-14T09:00:55","guid":{"rendered":"http:\/\/waldkindergarten-berglen.de\/?p=460"},"modified":"2015-10-14T11:00:55","modified_gmt":"2015-10-14T09:00:55","slug":"neues-aus-der-waldspielgruppe-5","status":"publish","type":"post","link":"https:\/\/waldkindergarten-berglen.de\/?p=460","title":{"rendered":"Neues aus der Waldspielgruppe"},"content":{"rendered":"<p>Auch der 7. 10.15 hielt wieder Regen f\u00fcr uns bereit.<\/p>\n<p>Nichtsdestotrotz waren wir gut drauf. Wie motivierend ist es, wenn eine Mutter bei str\u00f6mendem Regen sagt: \u00abIch habe so Lust auf die Waldspielgruppe!\u00bb<\/p>\n<p>Bei so viel Wasser bot sich an, Rindenschiffe zu bauen: Im Wald sammelten wir Material f\u00fcr das Segel und die Besatzung.<\/p>\n<p>Die Kinder, wetterfest eingepackt, st\u00f6rte der Regen in keinster Weise.<\/p>\n<p>In der trockenen Schutzh\u00fctte vesperten wir dann, bevor es ans Bohren, Schneiden und werkeln ging.<\/p>\n<figure id=\"attachment_461\" aria-describedby=\"caption-attachment-461\" style=\"width: 460px\" class=\"wp-caption alignnone\"><img loading=\"lazy\" decoding=\"async\" class=\"size-full wp-image-461\" src=\"http:\/\/waldkindergarten-berglen.de\/wp-content\/uploads\/2016\/06\/988-1-1.jpg\" alt=\"Kreative Schiffsbauer!\" width=\"460\" height=\"345\" \/><figcaption id=\"caption-attachment-461\" class=\"wp-caption-text\">Kreative Schiffsbauer!<\/figcaption><\/figure>\n<p>M\u00fctter wie Kinder hatten gleicherma\u00dfen Freude an den Booten,<\/p>\n<figure id=\"attachment_462\" aria-describedby=\"caption-attachment-462\" style=\"width: 345px\" class=\"wp-caption alignnone\"><img loading=\"lazy\" decoding=\"async\" class=\"size-full wp-image-462\" src=\"http:\/\/waldkindergarten-berglen.de\/wp-content\/uploads\/2016\/06\/989-1-1.jpg\" alt=\"Juhu es schwimmt!\" width=\"345\" height=\"460\" \/><figcaption id=\"caption-attachment-462\" class=\"wp-caption-text\">Juhu es schwimmt!<\/figcaption><\/figure>\n<p>die wir dann zum Schluss in den gro\u00dfen Pf\u00fctzen schwimmen lie\u00dfen.<\/p>\n","protected":false},"excerpt":{"rendered":"<p>Auch der 7. 10.15 hielt wieder Regen f\u00fcr uns bereit. Nichtsdestotrotz waren wir gut drauf. Wie motivierend ist es, wenn eine Mutter bei str\u00f6mendem Regen sagt: \u00abIch habe so Lust auf die Waldspielgruppe!\u00bb Bei so viel Wasser bot sich an, Rindenschiffe zu bauen: Im Wald sammelten wir Material f\u00fcr das Segel und die Besatzung. Die&hellip; <a href=\"https:\/\/waldkindergarten-berglen.de\/?p=460\" class=\"more-link\">Weiterlesen <span class=\"screen-reader-text\">Neues aus der Waldspielgruppe<\/span><\/a><\/p>\n","protected":false},"author":1,"featured_media":0,"comment_status":"closed","ping_status":"closed","sticky":false,"template":"","format":"standard","meta":{"ngg_post_thumbnail":0,"_jetpack_memberships_contains_paid_content":false,"footnotes":""},"categories":[11],"tags":[],"class_list":["post-460","post","type-post","status-publish","format-standard","hentry","category-waldspielgruppenberichte-bis-2017"],"jetpack_featured_media_url":"","jetpack_sharing_enabled":true,"_links":{"self":[{"href":"https:\/\/waldkindergarten-berglen.de\/index.php?rest_route=\/wp\/v2\/posts\/460","targetHints":{"allow":["GET"]}}],"collection":[{"href":"https:\/\/waldkindergarten-berglen.de\/index.php?rest_route=\/wp\/v2\/posts"}],"about":[{"href":"https:\/\/waldkindergarten-berglen.de\/index.php?rest_route=\/wp\/v2\/types\/post"}],"author":[{"embeddable":true,"href":"https:\/\/waldkindergarten-berglen.de\/index.php?rest_route=\/wp\/v2\/users\/1"}],"replies":[{"embeddable":true,"href":"https:\/\/waldkindergarten-berglen.de\/index.php?rest_route=%2Fwp%2Fv2%2Fcomments&post=460"}],"version-history":[{"count":0,"href":"https:\/\/waldkindergarten-berglen.de\/index.php?rest_route=\/wp\/v2\/posts\/460\/revisions"}],"wp:attachment":[{"href":"https:\/\/waldkindergarten-berglen.de\/index.php?rest_route=%2Fwp%2Fv2%2Fmedia&parent=460"}],"wp:term":[{"taxonomy":"category","embeddable":true,"href":"https:\/\/waldkindergarten-berglen.de\/index.php?rest_route=%2Fwp%2Fv2%2Fcategories&post=460"},{"taxonomy":"post_tag","embeddable":true,"href":"https:\/\/waldkindergarten-berglen.de\/index.php?rest_route=%2Fwp%2Fv2%2Ftags&post=460"}],"curies":[{"name":"wp","href":"https:\/\/api.w.org\/{rel}","templated":true}]}}