{"id":4606,"date":"2018-06-20T12:00:35","date_gmt":"2018-06-20T10:00:35","guid":{"rendered":"http:\/\/waldkindergarten-berglen.de\/?p=4606"},"modified":"2018-06-20T12:00:35","modified_gmt":"2018-06-20T10:00:35","slug":"neues-aus-der-waldspielgruppe-kw25","status":"publish","type":"post","link":"https:\/\/waldkindergarten-berglen.de\/?p=4606","title":{"rendered":"Neues aus der Waldspielgruppe KW25"},"content":{"rendered":"<p><strong><em>Rote Farbe habe ich, schwarze Punkte schm\u00fccken mich 1 und 2 und 3 und 4 \u2013 Marienk\u00e4fer sag zu mir!<\/em><\/strong><\/p>\n<figure id=\"attachment_4608\" aria-describedby=\"caption-attachment-4608\" style=\"width: 169px\" class=\"wp-caption aligncenter\"><img loading=\"lazy\" decoding=\"async\" class=\"size-medium wp-image-4608\" src=\"http:\/\/waldkindergarten-berglen.de\/wp-content\/uploads\/2018\/06\/Bild_1-1-169x300.jpg\" alt=\"\" width=\"169\" height=\"300\" srcset=\"https:\/\/waldkindergarten-berglen.de\/wp-content\/uploads\/2018\/06\/Bild_1-1-169x300.jpg 169w, https:\/\/waldkindergarten-berglen.de\/wp-content\/uploads\/2018\/06\/Bild_1-1-576x1024.jpg 576w, https:\/\/waldkindergarten-berglen.de\/wp-content\/uploads\/2018\/06\/Bild_1-1-768x1365.jpg 768w, https:\/\/waldkindergarten-berglen.de\/wp-content\/uploads\/2018\/06\/Bild_1-1-864x1536.jpg 864w, https:\/\/waldkindergarten-berglen.de\/wp-content\/uploads\/2018\/06\/Bild_1-1-1152x2048.jpg 1152w, https:\/\/waldkindergarten-berglen.de\/wp-content\/uploads\/2018\/06\/Bild_1-1-1200x2133.jpg 1200w, https:\/\/waldkindergarten-berglen.de\/wp-content\/uploads\/2018\/06\/Bild_1-1-scaled.jpg 1440w\" sizes=\"auto, (max-width: 169px) 100vw, 169px\" \/><figcaption id=\"caption-attachment-4608\" class=\"wp-caption-text\">Ein &#8222;Nuss-K\u00e4fer&#8220;<\/figcaption><\/figure>\n<p>Bei strahlendem Sonnenschein lauschten die wir den Versen vom Marienk\u00e4fer. Danach f\u00fchlten wir &nbsp;eine kribbelig und kitzelige \u201eK\u00e4fermassage\u201c zum&nbsp; Kinderlied von der \u201eSonnenk\u00e4ferfamilie\u201c auf unserem K\u00f6rper.<\/p>\n<p>Auf ging es in den Wald zur K\u00e4fersuche. Aber wir fanden nicht nur einen echten K\u00e4fer. Viele kleine Schokoladenk\u00e4fer hatten sich im Wald versteckt und waren gar nicht so einfach zu finden. Da musste man schon genau hinsehen und mit offenen Augen durch den Wald laufen. Was es da sonst noch so alles zu entdecken gab. Damit sich die K\u00e4fer nicht wieder aus dem Staub machen konnten, wurden sie nach der Suche schnell verspeist. Was w\u00e4re eine Waldspielgruppensaison ohne die ber\u00fchmte und leckere Schokoladenk\u00e4fersuche.<\/p>\n<p>Aus den Papierk\u00e4ferbeinen und einer h\u00fcbsch bemalten Nussh\u00e4lfte entstanden viele kleine bunte \u201eNuss-K\u00e4fer\u201c .. Aber nicht nur rote wurden im Wald gesichtet auch blau und pink waren anzutreffen.<\/p>\n<p>Am kleinen Kletterberg durften die K\u00e4fer mit, den Hang hinauf und runter klettern. Andere K\u00e4fer wurden unterm Laub versteckt und die Mamas mussten sie suchen.<\/p>\n<figure id=\"attachment_4607\" aria-describedby=\"caption-attachment-4607\" style=\"width: 169px\" class=\"wp-caption aligncenter\"><img loading=\"lazy\" decoding=\"async\" class=\"size-medium wp-image-4607\" src=\"http:\/\/waldkindergarten-berglen.de\/wp-content\/uploads\/2018\/06\/Bild_2-1-169x300.jpg\" alt=\"\" width=\"169\" height=\"300\" srcset=\"https:\/\/waldkindergarten-berglen.de\/wp-content\/uploads\/2018\/06\/Bild_2-1-169x300.jpg 169w, https:\/\/waldkindergarten-berglen.de\/wp-content\/uploads\/2018\/06\/Bild_2-1-576x1024.jpg 576w, https:\/\/waldkindergarten-berglen.de\/wp-content\/uploads\/2018\/06\/Bild_2-1-768x1365.jpg 768w, https:\/\/waldkindergarten-berglen.de\/wp-content\/uploads\/2018\/06\/Bild_2-1-864x1536.jpg 864w, https:\/\/waldkindergarten-berglen.de\/wp-content\/uploads\/2018\/06\/Bild_2-1-1152x2048.jpg 1152w, https:\/\/waldkindergarten-berglen.de\/wp-content\/uploads\/2018\/06\/Bild_2-1-1200x2133.jpg 1200w, https:\/\/waldkindergarten-berglen.de\/wp-content\/uploads\/2018\/06\/Bild_2-1-scaled.jpg 1440w\" sizes=\"auto, (max-width: 169px) 100vw, 169px\" \/><figcaption id=\"caption-attachment-4607\" class=\"wp-caption-text\">Die K\u00e4fer d\u00fcrfen auch klettern<\/figcaption><\/figure>\n<p>So ging wieder ein sch\u00f6ner Morgen viel zu schnell zu ende.<\/p>\n","protected":false},"excerpt":{"rendered":"<p>Rote Farbe habe ich, schwarze Punkte schm\u00fccken mich 1 und 2 und 3 und 4 \u2013 Marienk\u00e4fer sag zu mir! Bei strahlendem Sonnenschein lauschten die wir den Versen vom Marienk\u00e4fer. Danach f\u00fchlten wir &nbsp;eine kribbelig und kitzelige \u201eK\u00e4fermassage\u201c zum&nbsp; Kinderlied von der \u201eSonnenk\u00e4ferfamilie\u201c auf unserem K\u00f6rper. Auf ging es in den Wald zur K\u00e4fersuche. Aber&hellip; <a href=\"https:\/\/waldkindergarten-berglen.de\/?p=4606\" class=\"more-link\">Weiterlesen <span class=\"screen-reader-text\">Neues aus der Waldspielgruppe KW25<\/span><\/a><\/p>\n","protected":false},"author":5,"featured_media":0,"comment_status":"closed","ping_status":"closed","sticky":false,"template":"","format":"standard","meta":{"ngg_post_thumbnail":0,"_jetpack_memberships_contains_paid_content":false,"footnotes":""},"categories":[9],"tags":[],"class_list":["post-4606","post","type-post","status-publish","format-standard","hentry","category-waldspielgruppenberichte-2018-2021"],"jetpack_featured_media_url":"","jetpack_sharing_enabled":true,"_links":{"self":[{"href":"https:\/\/waldkindergarten-berglen.de\/index.php?rest_route=\/wp\/v2\/posts\/4606","targetHints":{"allow":["GET"]}}],"collection":[{"href":"https:\/\/waldkindergarten-berglen.de\/index.php?rest_route=\/wp\/v2\/posts"}],"about":[{"href":"https:\/\/waldkindergarten-berglen.de\/index.php?rest_route=\/wp\/v2\/types\/post"}],"author":[{"embeddable":true,"href":"https:\/\/waldkindergarten-berglen.de\/index.php?rest_route=\/wp\/v2\/users\/5"}],"replies":[{"embeddable":true,"href":"https:\/\/waldkindergarten-berglen.de\/index.php?rest_route=%2Fwp%2Fv2%2Fcomments&post=4606"}],"version-history":[{"count":0,"href":"https:\/\/waldkindergarten-berglen.de\/index.php?rest_route=\/wp\/v2\/posts\/4606\/revisions"}],"wp:attachment":[{"href":"https:\/\/waldkindergarten-berglen.de\/index.php?rest_route=%2Fwp%2Fv2%2Fmedia&parent=4606"}],"wp:term":[{"taxonomy":"category","embeddable":true,"href":"https:\/\/waldkindergarten-berglen.de\/index.php?rest_route=%2Fwp%2Fv2%2Fcategories&post=4606"},{"taxonomy":"post_tag","embeddable":true,"href":"https:\/\/waldkindergarten-berglen.de\/index.php?rest_route=%2Fwp%2Fv2%2Ftags&post=4606"}],"curies":[{"name":"wp","href":"https:\/\/api.w.org\/{rel}","templated":true}]}}