{"id":4677,"date":"2018-07-11T12:00:49","date_gmt":"2018-07-11T10:00:49","guid":{"rendered":"http:\/\/waldkindergarten-berglen.de\/?p=4677"},"modified":"2018-07-11T12:00:49","modified_gmt":"2018-07-11T10:00:49","slug":"neues-aus-der-waldspielgruppe-kw-28","status":"publish","type":"post","link":"https:\/\/waldkindergarten-berglen.de\/?p=4677","title":{"rendered":"Neues aus der Waldspielgruppe KW 28"},"content":{"rendered":"<p>Schnecke geht spazieren heut, das feuchte Wetter macht ihr Freud\u2026 mit diesem Thema startete unsere Waldspielgruppe. Wir h\u00f6rten die Geschichte vom gr\u00f6\u00dften Haus der Welt und erfuhren einige Interessante Dinge \u00fcber die Schnecke. Zu Besuch bei uns war eine sehr gro\u00dfe Schnecke, die eigentlich in Afrika lebt- eine Achatschnecke. Da diese sich nicht so schnell in ihr H\u00e4uschen verkriecht, konnten wir sie auf unserer Hand sitzend ganz toll beobachten und sp\u00fcren- so schleimig wie die Schnecken bei uns ist sie n\u00e4mlich gar nicht.<\/p>\n<figure id=\"attachment_4678\" aria-describedby=\"caption-attachment-4678\" style=\"width: 225px\" class=\"wp-caption aligncenter\"><img loading=\"lazy\" decoding=\"async\" class=\"size-medium wp-image-4678\" src=\"http:\/\/waldkindergarten-berglen.de\/wp-content\/uploads\/2018\/07\/Bild_1_KW28-1-225x300.jpg\" alt=\"\" width=\"225\" height=\"300\" srcset=\"https:\/\/waldkindergarten-berglen.de\/wp-content\/uploads\/2018\/07\/Bild_1_KW28-1-225x300.jpg 225w, https:\/\/waldkindergarten-berglen.de\/wp-content\/uploads\/2018\/07\/Bild_1_KW28-1-768x1024.jpg 768w, https:\/\/waldkindergarten-berglen.de\/wp-content\/uploads\/2018\/07\/Bild_1_KW28-1-1152x1536.jpg 1152w, https:\/\/waldkindergarten-berglen.de\/wp-content\/uploads\/2018\/07\/Bild_1_KW28-1-1536x2048.jpg 1536w, https:\/\/waldkindergarten-berglen.de\/wp-content\/uploads\/2018\/07\/Bild_1_KW28-1-1200x1600.jpg 1200w, https:\/\/waldkindergarten-berglen.de\/wp-content\/uploads\/2018\/07\/Bild_1_KW28-1-1980x2640.jpg 1980w, https:\/\/waldkindergarten-berglen.de\/wp-content\/uploads\/2018\/07\/Bild_1_KW28-1-scaled.jpg 1920w\" sizes=\"auto, (max-width: 225px) 100vw, 225px\" \/><figcaption id=\"caption-attachment-4678\" class=\"wp-caption-text\">Die Achatschnecke<\/figcaption><\/figure>\n<p>Die AchatschneckeAuf unserem Weg durch den Wald entdeckten wir viele Schnecken, die dank des feuchten Wetters der letzten Tage&nbsp; im Wald unterwegs waren. Diese wurden alle in Eimer gesammelt und durften sp\u00e4ter w\u00e4hrend unseres Vespers ein Schneckenrennen starten. Wir mussten feststellen das Schnecken gar nicht so langsam sind. Aber auch am Kletterberg hatten wir viel Spa\u00df und am Schluss durfte sich jeder aus Lehm eine kleine Schnecke formen und mit einem Schneckenh\u00e4uschen verziehen.<\/p>\n<figure id=\"attachment_4679\" aria-describedby=\"caption-attachment-4679\" style=\"width: 300px\" class=\"wp-caption aligncenter\"><img loading=\"lazy\" decoding=\"async\" class=\"size-medium wp-image-4679\" src=\"http:\/\/waldkindergarten-berglen.de\/wp-content\/uploads\/2018\/07\/Bild_2_KW28-1-300x225.jpg\" alt=\"\" width=\"300\" height=\"225\" srcset=\"https:\/\/waldkindergarten-berglen.de\/wp-content\/uploads\/2018\/07\/Bild_2_KW28-1-300x225.jpg 300w, https:\/\/waldkindergarten-berglen.de\/wp-content\/uploads\/2018\/07\/Bild_2_KW28-1-1024x768.jpg 1024w, https:\/\/waldkindergarten-berglen.de\/wp-content\/uploads\/2018\/07\/Bild_2_KW28-1-768x576.jpg 768w, https:\/\/waldkindergarten-berglen.de\/wp-content\/uploads\/2018\/07\/Bild_2_KW28-1-1536x1152.jpg 1536w, https:\/\/waldkindergarten-berglen.de\/wp-content\/uploads\/2018\/07\/Bild_2_KW28-1-2048x1536.jpg 2048w, https:\/\/waldkindergarten-berglen.de\/wp-content\/uploads\/2018\/07\/Bild_2_KW28-1-1200x900.jpg 1200w, https:\/\/waldkindergarten-berglen.de\/wp-content\/uploads\/2018\/07\/Bild_2_KW28-1-1980x1485.jpg 1980w\" sizes=\"auto, (max-width: 300px) 100vw, 300px\" \/><figcaption id=\"caption-attachment-4679\" class=\"wp-caption-text\">Spa\u00df am Kletterberg<\/figcaption><\/figure>\n","protected":false},"excerpt":{"rendered":"<p>Schnecke geht spazieren heut, das feuchte Wetter macht ihr Freud\u2026 mit diesem Thema startete unsere Waldspielgruppe. Wir h\u00f6rten die Geschichte vom gr\u00f6\u00dften Haus der Welt und erfuhren einige Interessante Dinge \u00fcber die Schnecke. Zu Besuch bei uns war eine sehr gro\u00dfe Schnecke, die eigentlich in Afrika lebt- eine Achatschnecke. Da diese sich nicht so schnell&hellip; <a href=\"https:\/\/waldkindergarten-berglen.de\/?p=4677\" class=\"more-link\">Weiterlesen <span class=\"screen-reader-text\">Neues aus der Waldspielgruppe KW 28<\/span><\/a><\/p>\n","protected":false},"author":5,"featured_media":0,"comment_status":"closed","ping_status":"closed","sticky":false,"template":"","format":"standard","meta":{"ngg_post_thumbnail":0,"_jetpack_memberships_contains_paid_content":false,"footnotes":""},"categories":[9],"tags":[],"class_list":["post-4677","post","type-post","status-publish","format-standard","hentry","category-waldspielgruppenberichte-2018-2021"],"jetpack_featured_media_url":"","jetpack_sharing_enabled":true,"_links":{"self":[{"href":"https:\/\/waldkindergarten-berglen.de\/index.php?rest_route=\/wp\/v2\/posts\/4677","targetHints":{"allow":["GET"]}}],"collection":[{"href":"https:\/\/waldkindergarten-berglen.de\/index.php?rest_route=\/wp\/v2\/posts"}],"about":[{"href":"https:\/\/waldkindergarten-berglen.de\/index.php?rest_route=\/wp\/v2\/types\/post"}],"author":[{"embeddable":true,"href":"https:\/\/waldkindergarten-berglen.de\/index.php?rest_route=\/wp\/v2\/users\/5"}],"replies":[{"embeddable":true,"href":"https:\/\/waldkindergarten-berglen.de\/index.php?rest_route=%2Fwp%2Fv2%2Fcomments&post=4677"}],"version-history":[{"count":0,"href":"https:\/\/waldkindergarten-berglen.de\/index.php?rest_route=\/wp\/v2\/posts\/4677\/revisions"}],"wp:attachment":[{"href":"https:\/\/waldkindergarten-berglen.de\/index.php?rest_route=%2Fwp%2Fv2%2Fmedia&parent=4677"}],"wp:term":[{"taxonomy":"category","embeddable":true,"href":"https:\/\/waldkindergarten-berglen.de\/index.php?rest_route=%2Fwp%2Fv2%2Fcategories&post=4677"},{"taxonomy":"post_tag","embeddable":true,"href":"https:\/\/waldkindergarten-berglen.de\/index.php?rest_route=%2Fwp%2Fv2%2Ftags&post=4677"}],"curies":[{"name":"wp","href":"https:\/\/api.w.org\/{rel}","templated":true}]}}