{"id":4683,"date":"2018-07-16T08:05:35","date_gmt":"2018-07-16T06:05:35","guid":{"rendered":"http:\/\/waldkindergarten-berglen.de\/?p=4683"},"modified":"2018-07-16T08:05:35","modified_gmt":"2018-07-16T06:05:35","slug":"fuchsuebernachtung-im-waldkindergarten","status":"publish","type":"post","link":"https:\/\/waldkindergarten-berglen.de\/?p=4683","title":{"rendered":"Fuchs\u00fcbernachtung im Waldkindergarten"},"content":{"rendered":"<p>Schon die ganze Woche \u00fcber fragten die Kinder ungeduldig und voller Vorfreude den Erzieherinnen L\u00f6cher in den Bauch\u2026 \u201eWas machen wir denn bei der Fuchs\u00fcbernachtung?\u201c \u201eWann ist es endlich soweit?\u201c \u201eD\u00fcrfen wir da ganz lang aufbleiben?\u201c \u2026<\/p>\n<p>Dann kam er endlich, der lang ersehnte Abend! Am Donnertag um 18 Uhr trafen sich die F\u00fcchse mit ihren Eltern und den Erzieherinnen auf dem St\u00fcckle.<\/p>\n<p>Zuerst einmal durften die Kinder etwas spielen, mit ihren Eltern zusammen die Schlafpl\u00e4tze einrichten und einfach \u201eankommen\u201c. Die Aufregung der Kinder (und auch der Eltern) war riesengro\u00df!<\/p>\n<figure id=\"attachment_4685\" aria-describedby=\"caption-attachment-4685\" style=\"width: 1296px\" class=\"wp-caption alignnone\"><img loading=\"lazy\" decoding=\"async\" class=\"size-full wp-image-4685\" src=\"http:\/\/waldkindergarten-berglen.de\/wp-content\/uploads\/2018\/07\/Die-F\u00fcchse-schlafen-in-der-Sturmh\u00f6hle-1-1.jpg\" alt=\"\" width=\"1296\" height=\"972\" \/><figcaption id=\"caption-attachment-4685\" class=\"wp-caption-text\">Die F\u00fcchse schlafen in der Sturmh\u00f6hle<\/figcaption><\/figure>\n<p>Nachdem sich die Eltern dann von ihren jetzt wirklich gro\u00dfen \u201eFast-Schulkindern\u201c verabschiedet hatten, konnte der gro\u00dfe Abend beginnen. Und daf\u00fcr musste man sich nat\u00fcrlich erst einmal ordentlich st\u00e4rken. Die Eltern hatten die Meute mit leckerer, selbstgebackener Pizza, Salat und frischer Melone bestens versorgt.<\/p>\n<p>Nach einer weiteren Runde freiem Spielen auf dem geliebten St\u00fcckle machten sich dann alle startklar f\u00fcr die Nachtwanderung.<\/p>\n<p>Traditionell warten auf die Vorsch\u00fcler bei der Nachtwanderung verschiedene Mutproben, wie die gro\u00dfe Betonr\u00f6hre, durch die die Kinder kriechen d\u00fcrfen. Diese R\u00f6hre, die unter dem Waldweg hindurchf\u00fchrt, haben fast alle Kinder tapfer bezwungen. Am anderen Ende warteten zwei Erzieherinnen und erz\u00e4hlten aufgeregt, dass an ihnen aus der R\u00f6hre heraus Tierchen vorbeigeh\u00fcpft sind, die dann in einem Zaubertopf gelandet sind. Sie denken es sind Fr\u00f6sche gewesen. Die Kinder sollen mal f\u00fchlen!!! In diesen Topf hineinzugreifen erforderte noch einmal richtig viel Mut aber der wurde belohnt! Es waren n\u00e4mlich Gummifr\u00f6sche zum Vernaschen!<\/p>\n<p>Weiter ging es bis zu einer kleinen Schlucht. Hier war eine Slackline gespannt und die klettererprobten Waldkinder bezwangen die Schlucht so mit links.<\/p>\n<figure id=\"attachment_4686\" aria-describedby=\"caption-attachment-4686\" style=\"width: 1296px\" class=\"wp-caption alignnone\"><img loading=\"lazy\" decoding=\"async\" class=\"size-full wp-image-4686\" src=\"http:\/\/waldkindergarten-berglen.de\/wp-content\/uploads\/2018\/07\/Eine-aufregende-Schnitzeljagd-durch-den-Wald-1-1.jpg\" alt=\"\" width=\"1296\" height=\"972\" \/><figcaption id=\"caption-attachment-4686\" class=\"wp-caption-text\">Eine aufregende Nachtwanderung durch den Wald<\/figcaption><\/figure>\n<p>Der Weg f\u00fchrte die Kinder nun weiter bergauf bis sie an der Hutzelmannh\u00fctte angelangten. Auf dem Weg dorthin begegneten ihnen allerlei Tiere. Im n\u00e4chtlichen Wald flogen Flederm\u00e4use, Eulen machten eine Menge L\u00e4rm durch ihr Gekreische und flogen \u00fcber sie hinweg. Sogar ein echtes Fr\u00f6schchen wurde von einem unserer Fuchsjungen eingefangen. Es war sehr spannend, die vertrauten Pl\u00e4tze und Wege in der Dunkelheit zu erleben!<\/p>\n<p>An der H\u00fctte erwartete die Kinder die letzte Mutprobe des Abends. Sie sollten sich hinsetzen, die Augen schlie\u00dfen und den Mund \u00f6ffnen. Wie die Waldtiere in der Dunkelheit ja auch nicht immer genau sehen, was sie essen, so sollten die Kinder auch durch riechen und schmecken herausfinden, was sie da zu essen bekamen. Die Kinder erkannten die Frucht, die sie in den Mund gesteckt bekamen, ganz souver\u00e4n.<\/p>\n<p>Zur Belohnung f\u00fcr so viel Mut und Tapferkeit warteten die mitgebrachten S\u00fc\u00dfigkeiten in der Hutzelmannh\u00fctte auf die Bande. Von diesen durften sie nun ausgiebig naschen w\u00e4hrend sie die Geschichten mit der Schult\u00fcte aus \u201eOma schreit der Frieder\u201c vorgelesen bekamen.<\/p>\n<p>Als sie dann die kleine H\u00fctte verlie\u00dfen, bekamen sie Knicklichter, denn der Wald war nun wirklich stockdunkel geworden. Nur mit diesen Lichtchen, ganz ohne Taschenlampen oder \u00e4hnlichem, wurde dann der Weg zur\u00fcck zum St\u00fcckle zur\u00fcckgelegt. Diese Nachtwanderung wird den Kindern bestimmt noch lange in Erinnerung bleiben.<\/p>\n<p>In der Sturmh\u00f6hle angekommen machten sich alle bettfertig und krochen m\u00fcde in ihre Schlafs\u00e4cke. Ein bisschen aufgeregt waren sie nat\u00fcrlich schon aber nach und nach schliefen alle gl\u00fccklich ein.<\/p>\n<figure id=\"attachment_4684\" aria-describedby=\"caption-attachment-4684\" style=\"width: 1296px\" class=\"wp-caption alignnone\"><img loading=\"lazy\" decoding=\"async\" class=\"size-full wp-image-4684\" src=\"http:\/\/waldkindergarten-berglen.de\/wp-content\/uploads\/2018\/07\/M\u00fcde-kuscheln-sich-alle-in-ihre-Schlafs\u00e4cke-1-1.jpg\" alt=\"\" width=\"1296\" height=\"972\" \/><figcaption id=\"caption-attachment-4684\" class=\"wp-caption-text\">M\u00fcde kuscheln sich alle in ihre Schlafs\u00e4cke<\/figcaption><\/figure>\n<p>Am n\u00e4chsten Morgen gab es dann ein leckeres Fr\u00fchst\u00fcck mit Brot, Nutella und Kaba und dann kamen auch schon die Eltern und holten ihre m\u00fcden, aber stolzen und gl\u00fccklichen Kinder ab.<\/p>\n<p><em>Wussten Sie schon<\/em><br \/>\n<em>Die Stimme der\u00a0Schleiereule\u00a0weicht von den anderen Eulenarten deutlich ab. Es ist ein\u00a0schrilles\u00a0Kreischen\u00a0mit \u00dcberg\u00e4ngen und verschiedenen Lautkombinationen und erinnert oft an eine\u00a0rostige sich \u00f6ffnende Stallt\u00fcr. Die Rufe setzen vor allem in der morgen- und abendlichen D\u00e4mmerung ein; aber auch nachts ist das Kreischen mitunter zu h\u00f6ren.<\/em><br \/>\n<em>Das Revier wird mit in der Lautst\u00e4rke\u00a0anschwellendem Gesang (Gekreische)\u00a0markiert.<\/em><\/p>\n","protected":false},"excerpt":{"rendered":"<p>Schon die ganze Woche \u00fcber fragten die Kinder ungeduldig und voller Vorfreude den Erzieherinnen L\u00f6cher in den Bauch\u2026 \u201eWas machen wir denn bei der Fuchs\u00fcbernachtung?\u201c \u201eWann ist es endlich soweit?\u201c \u201eD\u00fcrfen wir da ganz lang aufbleiben?\u201c \u2026 Dann kam er endlich, der lang ersehnte Abend! Am Donnertag um 18 Uhr trafen sich die F\u00fcchse mit&hellip; <a href=\"https:\/\/waldkindergarten-berglen.de\/?p=4683\" class=\"more-link\">Weiterlesen <span class=\"screen-reader-text\">Fuchs\u00fcbernachtung im Waldkindergarten<\/span><\/a><\/p>\n","protected":false},"author":1,"featured_media":0,"comment_status":"closed","ping_status":"closed","sticky":false,"template":"","format":"standard","meta":{"ngg_post_thumbnail":0,"_jetpack_memberships_contains_paid_content":false,"footnotes":""},"categories":[3],"tags":[],"class_list":["post-4683","post","type-post","status-publish","format-standard","hentry","category-berichte"],"jetpack_featured_media_url":"","jetpack_sharing_enabled":true,"_links":{"self":[{"href":"https:\/\/waldkindergarten-berglen.de\/index.php?rest_route=\/wp\/v2\/posts\/4683","targetHints":{"allow":["GET"]}}],"collection":[{"href":"https:\/\/waldkindergarten-berglen.de\/index.php?rest_route=\/wp\/v2\/posts"}],"about":[{"href":"https:\/\/waldkindergarten-berglen.de\/index.php?rest_route=\/wp\/v2\/types\/post"}],"author":[{"embeddable":true,"href":"https:\/\/waldkindergarten-berglen.de\/index.php?rest_route=\/wp\/v2\/users\/1"}],"replies":[{"embeddable":true,"href":"https:\/\/waldkindergarten-berglen.de\/index.php?rest_route=%2Fwp%2Fv2%2Fcomments&post=4683"}],"version-history":[{"count":0,"href":"https:\/\/waldkindergarten-berglen.de\/index.php?rest_route=\/wp\/v2\/posts\/4683\/revisions"}],"wp:attachment":[{"href":"https:\/\/waldkindergarten-berglen.de\/index.php?rest_route=%2Fwp%2Fv2%2Fmedia&parent=4683"}],"wp:term":[{"taxonomy":"category","embeddable":true,"href":"https:\/\/waldkindergarten-berglen.de\/index.php?rest_route=%2Fwp%2Fv2%2Fcategories&post=4683"},{"taxonomy":"post_tag","embeddable":true,"href":"https:\/\/waldkindergarten-berglen.de\/index.php?rest_route=%2Fwp%2Fv2%2Ftags&post=4683"}],"curies":[{"name":"wp","href":"https:\/\/api.w.org\/{rel}","templated":true}]}}