{"id":4703,"date":"2018-07-25T12:00:25","date_gmt":"2018-07-25T10:00:25","guid":{"rendered":"http:\/\/waldkindergarten-berglen.de\/?p=4703"},"modified":"2018-07-25T12:00:25","modified_gmt":"2018-07-25T10:00:25","slug":"neues-aus-der-waldspielgruppe-kw-30","status":"publish","type":"post","link":"https:\/\/waldkindergarten-berglen.de\/?p=4703","title":{"rendered":"Neues aus der Waldspielgruppe KW 30"},"content":{"rendered":"<p>Das letzte Mal in dieser Runde starteten wir, aufgrund der Hitze mit einem verk\u00fcrzten Morgenkreis um schnell in den k\u00fchlen Wald zu kommen. Im Wald erwarteten uns verschieden Stationen zu allen Themen, die wir in den letzten Wochen so gemacht hatten. Jede Station mit Fingerspielen oder Liedern. Eine Station war am Kletterberg dort entdeckten wir unter einer Wurzel, ein Wohnzimmer mit Babybett darin wohnt die M\u00e4usefamilie. Nachdem wir alles bestaunt hatten gab es das Fingerspiel \u201eDas ist Papa Maus er sieht wie alle M\u00e4use aus&#8230;\u201c dazu.<\/p>\n<figure id=\"attachment_4699\" aria-describedby=\"caption-attachment-4699\" style=\"width: 300px\" class=\"wp-caption aligncenter\"><img loading=\"lazy\" decoding=\"async\" class=\"size-medium wp-image-4699\" src=\"http:\/\/waldkindergarten-berglen.de\/wp-content\/uploads\/2018\/07\/Bild_1_KW30-1-300x169.jpg\" alt=\"\" width=\"300\" height=\"169\" srcset=\"https:\/\/waldkindergarten-berglen.de\/wp-content\/uploads\/2018\/07\/Bild_1_KW30-1-300x169.jpg 300w, https:\/\/waldkindergarten-berglen.de\/wp-content\/uploads\/2018\/07\/Bild_1_KW30-1-1024x576.jpg 1024w, https:\/\/waldkindergarten-berglen.de\/wp-content\/uploads\/2018\/07\/Bild_1_KW30-1-768x432.jpg 768w, https:\/\/waldkindergarten-berglen.de\/wp-content\/uploads\/2018\/07\/Bild_1_KW30-1-1536x864.jpg 1536w, https:\/\/waldkindergarten-berglen.de\/wp-content\/uploads\/2018\/07\/Bild_1_KW30-1-2048x1152.jpg 2048w, https:\/\/waldkindergarten-berglen.de\/wp-content\/uploads\/2018\/07\/Bild_1_KW30-1-1200x675.jpg 1200w, https:\/\/waldkindergarten-berglen.de\/wp-content\/uploads\/2018\/07\/Bild_1_KW30-1-1980x1114.jpg 1980w\" sizes=\"auto, (max-width: 300px) 100vw, 300px\" \/><figcaption id=\"caption-attachment-4699\" class=\"wp-caption-text\">\u201eHaus der M\u00e4usefamilie\u201c<\/figcaption><\/figure>\n<p>Aber auch das klettert durfte auf unserer Runde durch den Wald nicht fehlen. An der letzten Station angekommen ging es nochmal um die Farben. Ach ja, hatten wir da nicht letzte Woche einen Bilderrahmen gemacht. Nun war es die Aufgabe uns selbst im Wald zu finden- aber wie denn das? Unsere selbstgestalteten Bilderrahmen waren mit einem Bild von uns selbst, im Wald versteckt. Gl\u00fccklich \u00fcber diesen sch\u00f6nen Fund, ging es dann zum Vespern. Hier gab es zum Abschluss ein tolles Buffet, f\u00fcr das jeder was mitgebracht hatte.<\/p>\n<figure id=\"attachment_4700\" aria-describedby=\"caption-attachment-4700\" style=\"width: 300px\" class=\"wp-caption aligncenter\"><img loading=\"lazy\" decoding=\"async\" class=\"size-medium wp-image-4700\" src=\"http:\/\/waldkindergarten-berglen.de\/wp-content\/uploads\/2018\/07\/Bild_2_KW30-1-300x169.jpg\" alt=\"\" width=\"300\" height=\"169\" srcset=\"https:\/\/waldkindergarten-berglen.de\/wp-content\/uploads\/2018\/07\/Bild_2_KW30-1-300x169.jpg 300w, https:\/\/waldkindergarten-berglen.de\/wp-content\/uploads\/2018\/07\/Bild_2_KW30-1-1024x576.jpg 1024w, https:\/\/waldkindergarten-berglen.de\/wp-content\/uploads\/2018\/07\/Bild_2_KW30-1-768x432.jpg 768w, https:\/\/waldkindergarten-berglen.de\/wp-content\/uploads\/2018\/07\/Bild_2_KW30-1-1536x864.jpg 1536w, https:\/\/waldkindergarten-berglen.de\/wp-content\/uploads\/2018\/07\/Bild_2_KW30-1-2048x1152.jpg 2048w, https:\/\/waldkindergarten-berglen.de\/wp-content\/uploads\/2018\/07\/Bild_2_KW30-1-1200x675.jpg 1200w, https:\/\/waldkindergarten-berglen.de\/wp-content\/uploads\/2018\/07\/Bild_2_KW30-1-1980x1114.jpg 1980w\" sizes=\"auto, (max-width: 300px) 100vw, 300px\" \/><figcaption id=\"caption-attachment-4700\" class=\"wp-caption-text\">\u201eUnsere Vesperrunde an der dicken Berta\u201c<\/figcaption><\/figure>\n<p>Dann war es auch schon an der Zeit, das Ulrich die Schnecke sich von den gro\u00dfen Kindern verabschiedete.<\/p>\n<p>Unseren Gro\u00dfen viel Spa\u00df auf eurem neuen Weg in den Kindergarten. Und den anderen sch\u00f6ne Ferien auf ein Wiedersehen im September.<\/p>\n","protected":false},"excerpt":{"rendered":"<p>Das letzte Mal in dieser Runde starteten wir, aufgrund der Hitze mit einem verk\u00fcrzten Morgenkreis um schnell in den k\u00fchlen Wald zu kommen. Im Wald erwarteten uns verschieden Stationen zu allen Themen, die wir in den letzten Wochen so gemacht hatten. Jede Station mit Fingerspielen oder Liedern. Eine Station war am Kletterberg dort entdeckten wir&hellip; <a href=\"https:\/\/waldkindergarten-berglen.de\/?p=4703\" class=\"more-link\">Weiterlesen <span class=\"screen-reader-text\">Neues aus der Waldspielgruppe KW 30<\/span><\/a><\/p>\n","protected":false},"author":5,"featured_media":0,"comment_status":"closed","ping_status":"closed","sticky":false,"template":"","format":"standard","meta":{"ngg_post_thumbnail":0,"_jetpack_memberships_contains_paid_content":false,"footnotes":""},"categories":[9],"tags":[],"class_list":["post-4703","post","type-post","status-publish","format-standard","hentry","category-waldspielgruppenberichte-2018-2021"],"jetpack_featured_media_url":"","jetpack_sharing_enabled":true,"_links":{"self":[{"href":"https:\/\/waldkindergarten-berglen.de\/index.php?rest_route=\/wp\/v2\/posts\/4703","targetHints":{"allow":["GET"]}}],"collection":[{"href":"https:\/\/waldkindergarten-berglen.de\/index.php?rest_route=\/wp\/v2\/posts"}],"about":[{"href":"https:\/\/waldkindergarten-berglen.de\/index.php?rest_route=\/wp\/v2\/types\/post"}],"author":[{"embeddable":true,"href":"https:\/\/waldkindergarten-berglen.de\/index.php?rest_route=\/wp\/v2\/users\/5"}],"replies":[{"embeddable":true,"href":"https:\/\/waldkindergarten-berglen.de\/index.php?rest_route=%2Fwp%2Fv2%2Fcomments&post=4703"}],"version-history":[{"count":0,"href":"https:\/\/waldkindergarten-berglen.de\/index.php?rest_route=\/wp\/v2\/posts\/4703\/revisions"}],"wp:attachment":[{"href":"https:\/\/waldkindergarten-berglen.de\/index.php?rest_route=%2Fwp%2Fv2%2Fmedia&parent=4703"}],"wp:term":[{"taxonomy":"category","embeddable":true,"href":"https:\/\/waldkindergarten-berglen.de\/index.php?rest_route=%2Fwp%2Fv2%2Fcategories&post=4703"},{"taxonomy":"post_tag","embeddable":true,"href":"https:\/\/waldkindergarten-berglen.de\/index.php?rest_route=%2Fwp%2Fv2%2Ftags&post=4703"}],"curies":[{"name":"wp","href":"https:\/\/api.w.org\/{rel}","templated":true}]}}