{"id":4743,"date":"2018-09-26T12:00:45","date_gmt":"2018-09-26T10:00:45","guid":{"rendered":"http:\/\/waldkindergarten-berglen.de\/?p=4743"},"modified":"2018-09-26T12:00:45","modified_gmt":"2018-09-26T10:00:45","slug":"neues-aus-der-waldspielgruppe-51","status":"publish","type":"post","link":"https:\/\/waldkindergarten-berglen.de\/?p=4743","title":{"rendered":"Neues aus der Waldspielgruppe KW 39"},"content":{"rendered":"<p>Bei trockenem, jedoch k\u00fchlem Wetter starteten wir in den Mittwochmorgen mit unserem Begr\u00fc\u00dfungslied \u201eEinfach Spitze\u201c.<\/p>\n<p>Beim Klatschen, h\u00fcpfen und stampfen wurde uns dann gleich wieder ein wenig w\u00e4rmer.<\/p>\n<p>Heute ging es um die bunten Herbstbl\u00e4tter, die der Wind umher pustet.<\/p>\n<p>In einen Tuch lie\u00dfen wir dann, genau wie der Wind bunte Bl\u00e4tter tanzen.<\/p>\n<p>Mit K\u00f6rbchen ausgestattet zogen wir los in den Wald, jeder durfte nach bunten Bl\u00e4ttern, Eicheln, Zapfen, Bucheckern\u2026 \u201eHerbstsch\u00e4tzen\u201c suchen.<\/p>\n<p>Nat\u00fcrlich wurde beim Kletterberg ein Zwischenstopp eingelegt.<\/p>\n<p>Auf unserer Suche gelangten wir auch ins \u201eSchokow\u00e4ldchen\u201c und wer genau schaute entdeckte dort keine bunten Bl\u00e4tter sondern bunte Schokoladentafeln.<\/p>\n<p>Dann ging es zum Vesper in den Wichtelkreis. Selbstverst\u00e4ndlich wurden vorher noch die H\u00e4nde gewaschen.<\/p>\n<p>Nachdem alle dann wieder gest\u00e4rkt waren, bastelten wir. Es entstanden viele verschiedene, wundersch\u00f6ne Windlichter mit bunten \u201eHerbstsch\u00e4tzen\u201c, die stolz nach Hause getragen wurden.<\/p>\n<figure id=\"attachment_4744\" aria-describedby=\"caption-attachment-4744\" style=\"width: 300px\" class=\"wp-caption aligncenter\"><img loading=\"lazy\" decoding=\"async\" class=\"size-medium wp-image-4744\" src=\"http:\/\/waldkindergarten-berglen.de\/wp-content\/uploads\/2018\/09\/Wir-basteln-Windlichter-1-300x225.jpg\" alt=\"\" width=\"300\" height=\"225\" srcset=\"https:\/\/waldkindergarten-berglen.de\/wp-content\/uploads\/2018\/09\/Wir-basteln-Windlichter-1-300x225.jpg 300w, https:\/\/waldkindergarten-berglen.de\/wp-content\/uploads\/2018\/09\/Wir-basteln-Windlichter-1.jpg 400w\" sizes=\"auto, (max-width: 300px) 100vw, 300px\" \/><figcaption id=\"caption-attachment-4744\" class=\"wp-caption-text\">Wir basteln Windlichter!<\/figcaption><\/figure>\n<figure id=\"attachment_4745\" aria-describedby=\"caption-attachment-4745\" style=\"width: 225px\" class=\"wp-caption aligncenter\"><img loading=\"lazy\" decoding=\"async\" class=\"size-medium wp-image-4745\" src=\"http:\/\/waldkindergarten-berglen.de\/wp-content\/uploads\/2018\/09\/Windlicht-mit-Herbstsch\u00e4tzen-1-225x300.jpg\" alt=\"\" width=\"225\" height=\"300\"><figcaption id=\"caption-attachment-4745\" class=\"wp-caption-text\">Windlicht mit Herbstsch\u00e4tzen!<\/figcaption><\/figure>\n","protected":false},"excerpt":{"rendered":"<p>Bei trockenem, jedoch k\u00fchlem Wetter starteten wir in den Mittwochmorgen mit unserem Begr\u00fc\u00dfungslied \u201eEinfach Spitze\u201c. Beim Klatschen, h\u00fcpfen und stampfen wurde uns dann gleich wieder ein wenig w\u00e4rmer. Heute ging es um die bunten Herbstbl\u00e4tter, die der Wind umher pustet. In einen Tuch lie\u00dfen wir dann, genau wie der Wind bunte Bl\u00e4tter tanzen. Mit K\u00f6rbchen&hellip; <a href=\"https:\/\/waldkindergarten-berglen.de\/?p=4743\" class=\"more-link\">Weiterlesen <span class=\"screen-reader-text\">Neues aus der Waldspielgruppe KW 39<\/span><\/a><\/p>\n","protected":false},"author":5,"featured_media":0,"comment_status":"closed","ping_status":"closed","sticky":false,"template":"","format":"standard","meta":{"ngg_post_thumbnail":0,"_jetpack_memberships_contains_paid_content":false,"footnotes":""},"categories":[9],"tags":[],"class_list":["post-4743","post","type-post","status-publish","format-standard","hentry","category-waldspielgruppenberichte-2018-2021"],"jetpack_featured_media_url":"","jetpack_sharing_enabled":true,"_links":{"self":[{"href":"https:\/\/waldkindergarten-berglen.de\/index.php?rest_route=\/wp\/v2\/posts\/4743","targetHints":{"allow":["GET"]}}],"collection":[{"href":"https:\/\/waldkindergarten-berglen.de\/index.php?rest_route=\/wp\/v2\/posts"}],"about":[{"href":"https:\/\/waldkindergarten-berglen.de\/index.php?rest_route=\/wp\/v2\/types\/post"}],"author":[{"embeddable":true,"href":"https:\/\/waldkindergarten-berglen.de\/index.php?rest_route=\/wp\/v2\/users\/5"}],"replies":[{"embeddable":true,"href":"https:\/\/waldkindergarten-berglen.de\/index.php?rest_route=%2Fwp%2Fv2%2Fcomments&post=4743"}],"version-history":[{"count":0,"href":"https:\/\/waldkindergarten-berglen.de\/index.php?rest_route=\/wp\/v2\/posts\/4743\/revisions"}],"wp:attachment":[{"href":"https:\/\/waldkindergarten-berglen.de\/index.php?rest_route=%2Fwp%2Fv2%2Fmedia&parent=4743"}],"wp:term":[{"taxonomy":"category","embeddable":true,"href":"https:\/\/waldkindergarten-berglen.de\/index.php?rest_route=%2Fwp%2Fv2%2Fcategories&post=4743"},{"taxonomy":"post_tag","embeddable":true,"href":"https:\/\/waldkindergarten-berglen.de\/index.php?rest_route=%2Fwp%2Fv2%2Ftags&post=4743"}],"curies":[{"name":"wp","href":"https:\/\/api.w.org\/{rel}","templated":true}]}}