{"id":4778,"date":"2018-10-15T08:05:16","date_gmt":"2018-10-15T06:05:16","guid":{"rendered":"http:\/\/waldkindergarten-berglen.de\/?p=4778"},"modified":"2020-04-13T00:46:59","modified_gmt":"2020-04-12T22:46:59","slug":"mit-viel-kraft-zum-suessen-saft","status":"publish","type":"post","link":"https:\/\/waldkindergarten-berglen.de\/?p=4778","title":{"rendered":"Mit viel Kraft zum s\u00fc\u00dfen Saft"},"content":{"rendered":"<p>\u00c4pfel sind ja superlecker, doch wie macht man daraus einen Saft?<\/p>\n<p>Das durften unsere Waldkinder in diesen Tagen selbst ausprobieren.<\/p>\n<p>Sie sch\u00fctteten \u00c4pfel vorsichtig in eine gro\u00dfe Saftpresse. Dann durfte jedes Kind einmal mit aller Kraft an der Saftpresse drehen. Und schon nach kurzer Zeit, kam unten frischer, s\u00fc\u00dfer Apfelsaft heraus, den sie dann zusammen genussvoll tranken!<\/p>\n<p>War das lecker!<\/p>\n<p><span style=\"color: #000000;\"><span style=\"font-size: small;\"><b>Lieber Apfel, lehr mich was<\/b><\/span><\/span><\/p>\n<p>Kein Apfel gleicht dem Anderen. Und um den Kindern die Unterschiede bewusst zu machen spielten sie ein Spiel. Dazu legten die Erzieherinnen einige \u00c4pfel in die Mitte des Morgenkreises. Ein Kind sollte einen der \u00c4pfel mit seinen Besonderheiten beschreiben und die anderen Kinder sollten erraten, welcher Apfel gemeint ist. Das klappte genau so gut, wie die F\u00fcnf-W\u00f6rter-Geschichten, die sowohl die Waldkinder, wie auch die Erzieherinnen forderten.<\/p>\n<p>Dabei durften zu Beginn jeweils f\u00fcnf Kinder aufstehen und ein Wort nennen, das mit \u00c4pfeln zu tun hat. Nun musste eine der Erzieherinnen eine Geschichte erz\u00e4hlen, in der diese f\u00fcnf W\u00f6rter vorkamen. Wurde eines der W\u00f6rter genannt, musste sich das Kind welches dieses Wort genannt hat, sofort setzen.<\/p>\n<p>Das machte allen riesigen Spa\u00df und f\u00f6rdert Konzentration, Aufmerksamkeit, Geduld und auch die Fantasie!<\/p>\n<p><span style=\"color: #000000;\"><span style=\"font-size: small;\"><b>Wussten Sie schon?<\/b><\/span><\/span><\/p>\n<p>Dass hei\u00dfer Apfelwein (Gl\u00fchmost) ein altes Hausmittel gegen Erk\u00e4ltungen ist, bei dem der Apfelmost erhitzt (nicht gekocht) und mit Zimtstange, Zitronenscheibe und eventuell etwas Zucker serviert wird?<\/p>\n","protected":false},"excerpt":{"rendered":"<p>\u00c4pfel sind ja superlecker, doch wie macht man daraus einen Saft? Das durften unsere Waldkinder in diesen Tagen selbst ausprobieren. Sie sch\u00fctteten \u00c4pfel vorsichtig in eine gro\u00dfe Saftpresse. Dann durfte jedes Kind einmal mit aller Kraft an der Saftpresse drehen. Und schon nach kurzer Zeit, kam unten frischer, s\u00fc\u00dfer Apfelsaft heraus, den sie dann zusammen&hellip; <a href=\"https:\/\/waldkindergarten-berglen.de\/?p=4778\" class=\"more-link\">Weiterlesen <span class=\"screen-reader-text\">Mit viel Kraft zum s\u00fc\u00dfen Saft<\/span><\/a><\/p>\n","protected":false},"author":7,"featured_media":0,"comment_status":"closed","ping_status":"closed","sticky":false,"template":"","format":"standard","meta":{"ngg_post_thumbnail":0,"_jetpack_memberships_contains_paid_content":false,"footnotes":""},"categories":[3],"tags":[],"class_list":["post-4778","post","type-post","status-publish","format-standard","hentry","category-berichte"],"jetpack_featured_media_url":"","jetpack_sharing_enabled":true,"_links":{"self":[{"href":"https:\/\/waldkindergarten-berglen.de\/index.php?rest_route=\/wp\/v2\/posts\/4778","targetHints":{"allow":["GET"]}}],"collection":[{"href":"https:\/\/waldkindergarten-berglen.de\/index.php?rest_route=\/wp\/v2\/posts"}],"about":[{"href":"https:\/\/waldkindergarten-berglen.de\/index.php?rest_route=\/wp\/v2\/types\/post"}],"author":[{"embeddable":true,"href":"https:\/\/waldkindergarten-berglen.de\/index.php?rest_route=\/wp\/v2\/users\/7"}],"replies":[{"embeddable":true,"href":"https:\/\/waldkindergarten-berglen.de\/index.php?rest_route=%2Fwp%2Fv2%2Fcomments&post=4778"}],"version-history":[{"count":1,"href":"https:\/\/waldkindergarten-berglen.de\/index.php?rest_route=\/wp\/v2\/posts\/4778\/revisions"}],"predecessor-version":[{"id":6614,"href":"https:\/\/waldkindergarten-berglen.de\/index.php?rest_route=\/wp\/v2\/posts\/4778\/revisions\/6614"}],"wp:attachment":[{"href":"https:\/\/waldkindergarten-berglen.de\/index.php?rest_route=%2Fwp%2Fv2%2Fmedia&parent=4778"}],"wp:term":[{"taxonomy":"category","embeddable":true,"href":"https:\/\/waldkindergarten-berglen.de\/index.php?rest_route=%2Fwp%2Fv2%2Fcategories&post=4778"},{"taxonomy":"post_tag","embeddable":true,"href":"https:\/\/waldkindergarten-berglen.de\/index.php?rest_route=%2Fwp%2Fv2%2Ftags&post=4778"}],"curies":[{"name":"wp","href":"https:\/\/api.w.org\/{rel}","templated":true}]}}