{"id":489,"date":"2015-11-22T11:00:48","date_gmt":"2015-11-22T11:00:48","guid":{"rendered":"http:\/\/waldkindergarten-berglen.de\/?p=489"},"modified":"2015-11-22T11:00:48","modified_gmt":"2015-11-22T11:00:48","slug":"jahreshauptversammlung","status":"publish","type":"post","link":"https:\/\/waldkindergarten-berglen.de\/?p=489","title":{"rendered":"Jahreshauptversammlung"},"content":{"rendered":"<p>Nach unserer diesj\u00e4hrigen Jahreshauptversammlung stellt sich unser Vorstand folgenderma\u00dfen dar:<\/p>\n<p>1. Vorsitzender Jens Aupperle<br \/>\n2. Vorsitzende Angelika Schmidt<\/p>\n<p>Beisitzer: Annette W\u00f6hrle, Marko M\u00fcnster, Michaela Greiner und Steffi Hinderer.<\/p>\n<p>Somit wurde Martina Wind (die sich nicht zur Wiederwahl stellte) als 2. Vorsitzende von Angelika Schmidt abgel\u00f6st.<\/p>\n<p><strong>Wir bedanken uns ganz herzlich bei Martina Wind f\u00fcr ihren jahrelangen unerm\u00fcdlichen Einsatz in der Vorstandschaft und w\u00fcnschen ihr noch eine wundersch\u00f6ne Waldkindergartenzeit!<\/strong><\/p>\n<p><strong>Vielen Dank unseren Vorstandsmitgliedern f\u00fcr ihre Bereitschaft den Waldkindergarten in Zukunft weiterzuf\u00fchren!<\/strong><\/p>\n","protected":false},"excerpt":{"rendered":"<p>Nach unserer diesj\u00e4hrigen Jahreshauptversammlung stellt sich unser Vorstand folgenderma\u00dfen dar: 1. Vorsitzender Jens Aupperle 2. Vorsitzende Angelika Schmidt Beisitzer: Annette W\u00f6hrle, Marko M\u00fcnster, Michaela Greiner und Steffi Hinderer. Somit wurde Martina Wind (die sich nicht zur Wiederwahl stellte) als 2. Vorsitzende von Angelika Schmidt abgel\u00f6st. Wir bedanken uns ganz herzlich bei Martina Wind f\u00fcr ihren&hellip; <a href=\"https:\/\/waldkindergarten-berglen.de\/?p=489\" class=\"more-link\">Weiterlesen <span class=\"screen-reader-text\">Jahreshauptversammlung<\/span><\/a><\/p>\n","protected":false},"author":1,"featured_media":0,"comment_status":"closed","ping_status":"closed","sticky":false,"template":"","format":"aside","meta":{"ngg_post_thumbnail":0,"_jetpack_memberships_contains_paid_content":false,"footnotes":""},"categories":[7],"tags":[],"class_list":["post-489","post","type-post","status-publish","format-aside","hentry","category-verein","post_format-post-format-aside"],"jetpack_featured_media_url":"","jetpack_sharing_enabled":true,"_links":{"self":[{"href":"https:\/\/waldkindergarten-berglen.de\/index.php?rest_route=\/wp\/v2\/posts\/489","targetHints":{"allow":["GET"]}}],"collection":[{"href":"https:\/\/waldkindergarten-berglen.de\/index.php?rest_route=\/wp\/v2\/posts"}],"about":[{"href":"https:\/\/waldkindergarten-berglen.de\/index.php?rest_route=\/wp\/v2\/types\/post"}],"author":[{"embeddable":true,"href":"https:\/\/waldkindergarten-berglen.de\/index.php?rest_route=\/wp\/v2\/users\/1"}],"replies":[{"embeddable":true,"href":"https:\/\/waldkindergarten-berglen.de\/index.php?rest_route=%2Fwp%2Fv2%2Fcomments&post=489"}],"version-history":[{"count":0,"href":"https:\/\/waldkindergarten-berglen.de\/index.php?rest_route=\/wp\/v2\/posts\/489\/revisions"}],"wp:attachment":[{"href":"https:\/\/waldkindergarten-berglen.de\/index.php?rest_route=%2Fwp%2Fv2%2Fmedia&parent=489"}],"wp:term":[{"taxonomy":"category","embeddable":true,"href":"https:\/\/waldkindergarten-berglen.de\/index.php?rest_route=%2Fwp%2Fv2%2Fcategories&post=489"},{"taxonomy":"post_tag","embeddable":true,"href":"https:\/\/waldkindergarten-berglen.de\/index.php?rest_route=%2Fwp%2Fv2%2Ftags&post=489"}],"curies":[{"name":"wp","href":"https:\/\/api.w.org\/{rel}","templated":true}]}}