{"id":4903,"date":"2018-11-12T08:05:38","date_gmt":"2018-11-12T06:05:38","guid":{"rendered":"http:\/\/waldkindergarten-berglen.de\/?p=4903"},"modified":"2018-11-12T08:05:38","modified_gmt":"2018-11-12T06:05:38","slug":"blaettertanz-im-wald","status":"publish","type":"post","link":"https:\/\/waldkindergarten-berglen.de\/?p=4903","title":{"rendered":"Bl\u00e4ttertanz im Wald"},"content":{"rendered":"<p>\u201eDer Herbst, der Herbst, der Herbst ist da, er bringt uns Wind hei hussassa!\u201c \u2013 mit diesem Lied wurde das Interesse der Waldkinder f\u00fcr den Herbstwind und den damit verbundenen Tanz der herrlich gef\u00e4rbten Bl\u00e4tter geweckt. Im Morgenkreis erz\u00e4hlten die Erzieherinnen den lauschenden Kindern, dass die Bl\u00e4tter abends, bevor der richtige Herbstwind kommt, einen Bl\u00e4ttertanz auff\u00fchren. Es treffen sich die ranken und schlanken Weidenbl\u00e4tter, die etwas dickeren Buchenbl\u00e4tter und die spitzen Bl\u00e4tter des Ahorns. Vollgetankt von der Kraft der Sonne des Tages f\u00fchren die Bl\u00e4tter mit dem Wind ihren Tanz auf den Wiesen auf. Abends sind sie dann m\u00fcde und bleiben liegen.<\/p>\n<p><img loading=\"lazy\" decoding=\"async\" class=\"alignnone size-medium wp-image-4905\" src=\"http:\/\/waldkindergarten-berglen.de\/wp-content\/uploads\/2018\/11\/Herbstwald-1-300x225.jpg\" alt=\"\" width=\"300\" height=\"225\" srcset=\"https:\/\/waldkindergarten-berglen.de\/wp-content\/uploads\/2018\/11\/Herbstwald-1-300x225.jpg 300w, https:\/\/waldkindergarten-berglen.de\/wp-content\/uploads\/2018\/11\/Herbstwald-1-1024x768.jpg 1024w, https:\/\/waldkindergarten-berglen.de\/wp-content\/uploads\/2018\/11\/Herbstwald-1-768x576.jpg 768w, https:\/\/waldkindergarten-berglen.de\/wp-content\/uploads\/2018\/11\/Herbstwald-1-1536x1152.jpg 1536w, https:\/\/waldkindergarten-berglen.de\/wp-content\/uploads\/2018\/11\/Herbstwald-1-2048x1536.jpg 2048w, https:\/\/waldkindergarten-berglen.de\/wp-content\/uploads\/2018\/11\/Herbstwald-1-1200x900.jpg 1200w, https:\/\/waldkindergarten-berglen.de\/wp-content\/uploads\/2018\/11\/Herbstwald-1-1980x1485.jpg 1980w\" sizes=\"auto, (max-width: 300px) 100vw, 300px\" \/><\/p>\n<p><em>Der wundersch\u00f6ne Herbstwald<\/em><\/p>\n<p>Ganz besonders fasziniert sind die Kinder von der Geschichte der so genannten \u201eWunschbl\u00e4tter\u201c. Dies sind Bl\u00e4tter, die man im Flug fangen muss, noch bevor sie die Erde ber\u00fchren. Da wird nat\u00fcrlich gerannt und jedes Kind versucht ein Wunschblatt zu erhaschen. Wenn dies geschafft ist, dann darf man sich etwas w\u00fcnschen.<br \/>\nEine \u00dcbung, bei der die Kinder dagegen Geduld und Ruhe beweisen k\u00f6nnen, ist dagegen das Bl\u00e4tterlauschen. Ganz leise liegen die Waldkinder im Laub und warten, bis sie das erste Blatt von den B\u00e4umen segeln sehen. An windstillen Tagen kann das manchmal f\u00fcnf Minuten dauern, doch die Spannung ist gro\u00df \u2013 wer entdeckt das Blatt zuerst?<\/p>\n<p><img loading=\"lazy\" decoding=\"async\" class=\"alignnone size-medium wp-image-4904\" src=\"http:\/\/waldkindergarten-berglen.de\/wp-content\/uploads\/2018\/11\/Bl\u00e4tterlauschen-e1542033437140-1-225x300.jpg\" alt=\"\" width=\"225\" height=\"300\" srcset=\"https:\/\/waldkindergarten-berglen.de\/wp-content\/uploads\/2018\/11\/Bl\u00e4tterlauschen-e1542033437140-1-225x300.jpg 225w, https:\/\/waldkindergarten-berglen.de\/wp-content\/uploads\/2018\/11\/Bl\u00e4tterlauschen-e1542033437140-1-768x1024.jpg 768w, https:\/\/waldkindergarten-berglen.de\/wp-content\/uploads\/2018\/11\/Bl\u00e4tterlauschen-e1542033437140-1-1152x1536.jpg 1152w, https:\/\/waldkindergarten-berglen.de\/wp-content\/uploads\/2018\/11\/Bl\u00e4tterlauschen-e1542033437140-1-1536x2048.jpg 1536w, https:\/\/waldkindergarten-berglen.de\/wp-content\/uploads\/2018\/11\/Bl\u00e4tterlauschen-e1542033437140-1-1200x1600.jpg 1200w, https:\/\/waldkindergarten-berglen.de\/wp-content\/uploads\/2018\/11\/Bl\u00e4tterlauschen-e1542033437140-1-1980x2640.jpg 1980w, https:\/\/waldkindergarten-berglen.de\/wp-content\/uploads\/2018\/11\/Bl\u00e4tterlauschen-e1542033437140-1-scaled.jpg 1920w\" sizes=\"auto, (max-width: 225px) 100vw, 225px\" \/><\/p>\n<p><em>Bl\u00e4tterlauschen<\/em><\/p>\n<p>Gegen Ende der Woche durften die ersten Kinder anfangen, sich eigene Waldseile herzustellen, denn diese sind beliebte Spielzeuge im Wald und viele Kinder bringen sich bislang Schn\u00fcre oder Kletterseile von zuhause mit. Nun soll jedes Waldkind f\u00fcr den Rucksack eine eigene Waldleine bekommen. Und so k\u00f6nnen sich die Waldkinder je nach ihren F\u00e4higkeiten eine Waldleine fertigen &#8211; entweder als Kordel gedreht, oder geflochten. Eine sch\u00f6ne motorische \u00dcbung f\u00fcr kleine H\u00e4nde.<\/p>\n<p><img loading=\"lazy\" decoding=\"async\" class=\"alignnone size-medium wp-image-4906\" src=\"http:\/\/waldkindergarten-berglen.de\/wp-content\/uploads\/2018\/11\/Kordel-1-300x225.jpg\" alt=\"\" width=\"300\" height=\"225\" srcset=\"https:\/\/waldkindergarten-berglen.de\/wp-content\/uploads\/2018\/11\/Kordel-1-300x225.jpg 300w, https:\/\/waldkindergarten-berglen.de\/wp-content\/uploads\/2018\/11\/Kordel-1-1024x768.jpg 1024w, https:\/\/waldkindergarten-berglen.de\/wp-content\/uploads\/2018\/11\/Kordel-1-768x576.jpg 768w, https:\/\/waldkindergarten-berglen.de\/wp-content\/uploads\/2018\/11\/Kordel-1-1536x1152.jpg 1536w, https:\/\/waldkindergarten-berglen.de\/wp-content\/uploads\/2018\/11\/Kordel-1-2048x1536.jpg 2048w, https:\/\/waldkindergarten-berglen.de\/wp-content\/uploads\/2018\/11\/Kordel-1-1200x900.jpg 1200w, https:\/\/waldkindergarten-berglen.de\/wp-content\/uploads\/2018\/11\/Kordel-1-1980x1485.jpg 1980w\" sizes=\"auto, (max-width: 300px) 100vw, 300px\" \/><\/p>\n<p><em>Kordeldrehen<\/em><\/p>\n<p><em>Wussten Sie schon?<\/em><\/p>\n<p>Gleich neben dem Infoschild des Waldkindergartens steht ein ganz besonderer Baum, eine Zitter-Pappel. Diese wird auch Espe genannt und hat fast kreisrunde, buchtig gezahnte Bl\u00e4tter. Der Spruch \u201eZittern wie Espenlaub\u201c hat seinen Ursprung daher, denn die Bl\u00e4tter der Zitterpappel sind besonders beweglich. Das liegt an dem langen, abgeplatteten Blattstiel. So reicht ein leichter Windhauch, um das Blatt zittern und rascheln zu lassen.<\/p>\n","protected":false},"excerpt":{"rendered":"<p>\u201eDer Herbst, der Herbst, der Herbst ist da, er bringt uns Wind hei hussassa!\u201c \u2013 mit diesem Lied wurde das Interesse der Waldkinder f\u00fcr den Herbstwind und den damit verbundenen Tanz der herrlich gef\u00e4rbten Bl\u00e4tter geweckt. Im Morgenkreis erz\u00e4hlten die Erzieherinnen den lauschenden Kindern, dass die Bl\u00e4tter abends, bevor der richtige Herbstwind kommt, einen Bl\u00e4ttertanz&hellip; <a href=\"https:\/\/waldkindergarten-berglen.de\/?p=4903\" class=\"more-link\">Weiterlesen <span class=\"screen-reader-text\">Bl\u00e4ttertanz im Wald<\/span><\/a><\/p>\n","protected":false},"author":6,"featured_media":0,"comment_status":"closed","ping_status":"closed","sticky":false,"template":"","format":"standard","meta":{"ngg_post_thumbnail":0,"_jetpack_memberships_contains_paid_content":false,"footnotes":""},"categories":[3],"tags":[],"class_list":["post-4903","post","type-post","status-publish","format-standard","hentry","category-berichte"],"jetpack_featured_media_url":"","jetpack_sharing_enabled":true,"_links":{"self":[{"href":"https:\/\/waldkindergarten-berglen.de\/index.php?rest_route=\/wp\/v2\/posts\/4903","targetHints":{"allow":["GET"]}}],"collection":[{"href":"https:\/\/waldkindergarten-berglen.de\/index.php?rest_route=\/wp\/v2\/posts"}],"about":[{"href":"https:\/\/waldkindergarten-berglen.de\/index.php?rest_route=\/wp\/v2\/types\/post"}],"author":[{"embeddable":true,"href":"https:\/\/waldkindergarten-berglen.de\/index.php?rest_route=\/wp\/v2\/users\/6"}],"replies":[{"embeddable":true,"href":"https:\/\/waldkindergarten-berglen.de\/index.php?rest_route=%2Fwp%2Fv2%2Fcomments&post=4903"}],"version-history":[{"count":0,"href":"https:\/\/waldkindergarten-berglen.de\/index.php?rest_route=\/wp\/v2\/posts\/4903\/revisions"}],"wp:attachment":[{"href":"https:\/\/waldkindergarten-berglen.de\/index.php?rest_route=%2Fwp%2Fv2%2Fmedia&parent=4903"}],"wp:term":[{"taxonomy":"category","embeddable":true,"href":"https:\/\/waldkindergarten-berglen.de\/index.php?rest_route=%2Fwp%2Fv2%2Fcategories&post=4903"},{"taxonomy":"post_tag","embeddable":true,"href":"https:\/\/waldkindergarten-berglen.de\/index.php?rest_route=%2Fwp%2Fv2%2Ftags&post=4903"}],"curies":[{"name":"wp","href":"https:\/\/api.w.org\/{rel}","templated":true}]}}