{"id":4928,"date":"2018-11-26T08:00:12","date_gmt":"2018-11-26T06:00:12","guid":{"rendered":"http:\/\/waldkindergarten-berglen.de\/?p=4928"},"modified":"2018-11-26T08:00:12","modified_gmt":"2018-11-26T06:00:12","slug":"es-klopft-bei-wanja-in-der-nacht","status":"publish","type":"post","link":"https:\/\/waldkindergarten-berglen.de\/?p=4928","title":{"rendered":"Es klopft bei Wanja in der Nacht"},"content":{"rendered":"<p>In den letzten Wochen haben unsere Vorschulkinder, die im Wald F\u00fcchse genannt werden, die Geschichte von Wanja kennen gelernt. Die Kinder bekamen die Geschichte vorgelesen und spielten sie auch anhand von Filzpuppen nach: Wanja wohnt in seinem Haus am Waldesrand und als an einem bitterkalten Winterabend ein Sturm aufzieht, finden nach und nach Tiere des Waldes bei ihm Unterschlupf. Hase, Fuchs und B\u00e4r d\u00fcrfen sich bei ihm w\u00e4rmen &#8211; unter der Bedingung, sich gegenseitig nichts zu Leide zu tun. Am n\u00e4chsten Morgen sind alle drei dann schnell wieder verschwunden \u2013 zur\u00fcck bleiben nur die Spuren im Schnee. Angelehnt an diese bezaubernde Geschichte durften die gro\u00dfen F\u00fcchse nun selbst in die verschiedenen Rollen schl\u00fcpfen und probten eifrig f\u00fcr ihr Waldpublikum. Hierf\u00fcr wurden die Kinder geschminkt und trugen Kost\u00fcme. Diese Woche war es dann so weit und die Geschichte um Wanja wurde den j\u00fcngeren Waldkindern und den Erzieherinnen vorgespielt. Die staunten nat\u00fcrlich nicht schlecht. Toll gemacht, liebe F\u00fcchse!<\/p>\n<p><img loading=\"lazy\" decoding=\"async\" class=\"alignnone size-medium wp-image-4929\" src=\"http:\/\/waldkindergarten-berglen.de\/wp-content\/uploads\/2018\/11\/Theaterst\u00fcck-1-300x169.jpg\" alt=\"\" width=\"300\" height=\"169\" srcset=\"https:\/\/waldkindergarten-berglen.de\/wp-content\/uploads\/2018\/11\/Theaterst\u00fcck-1-300x169.jpg 300w, https:\/\/waldkindergarten-berglen.de\/wp-content\/uploads\/2018\/11\/Theaterst\u00fcck-1-1024x576.jpg 1024w, https:\/\/waldkindergarten-berglen.de\/wp-content\/uploads\/2018\/11\/Theaterst\u00fcck-1-768x432.jpg 768w, https:\/\/waldkindergarten-berglen.de\/wp-content\/uploads\/2018\/11\/Theaterst\u00fcck-1-1536x864.jpg 1536w, https:\/\/waldkindergarten-berglen.de\/wp-content\/uploads\/2018\/11\/Theaterst\u00fcck-1-1200x675.jpg 1200w, https:\/\/waldkindergarten-berglen.de\/wp-content\/uploads\/2018\/11\/Theaterst\u00fcck-1.jpg 1600w\" sizes=\"auto, (max-width: 300px) 100vw, 300px\" \/><\/p>\n<p>Die Tiere des Waldes standen auch sonst im Mittelpunkt der Woche. So durften die Kinder erleben, wie nah man einem Bussard kommen kann, wenn man sich leise und langsam n\u00e4hert. Auf einem Baum am Waldrand sa\u00df er auf einem Ast und lies die Kinder ganz nah an sich heran kommen.<\/p>\n<p><img loading=\"lazy\" decoding=\"async\" class=\"alignnone size-medium wp-image-4930\" src=\"http:\/\/waldkindergarten-berglen.de\/wp-content\/uploads\/2018\/11\/Bussard-1-300x169.jpg\" alt=\"\" width=\"300\" height=\"169\" srcset=\"https:\/\/waldkindergarten-berglen.de\/wp-content\/uploads\/2018\/11\/Bussard-1-300x169.jpg 300w, https:\/\/waldkindergarten-berglen.de\/wp-content\/uploads\/2018\/11\/Bussard-1-1024x576.jpg 1024w, https:\/\/waldkindergarten-berglen.de\/wp-content\/uploads\/2018\/11\/Bussard-1-768x432.jpg 768w, https:\/\/waldkindergarten-berglen.de\/wp-content\/uploads\/2018\/11\/Bussard-1-1536x864.jpg 1536w, https:\/\/waldkindergarten-berglen.de\/wp-content\/uploads\/2018\/11\/Bussard-1-1200x675.jpg 1200w, https:\/\/waldkindergarten-berglen.de\/wp-content\/uploads\/2018\/11\/Bussard-1.jpg 1600w\" sizes=\"auto, (max-width: 300px) 100vw, 300px\" \/><\/p>\n<p>Neben dieser Begegnung besch\u00e4ftigte sich die Wichtelgruppe mit dem Eichh\u00f6rnchen und durften selbst erleben, wie schwierig es ist, die Nussvorr\u00e4te wieder zu finden. Dazu konnte jedes Kind am Anfang des Morgenkreises drei Waln\u00fcsse verstecken. Nun wurde ein Spiel gespielt und danach wurde ger\u00e4tselt und gesucht, wo waren die eigenen drei N\u00fcsse nur abgeblieben? Gar nicht so einfach. Auch das im letzten Jahr selbst gebaute Futterh\u00e4uschen f\u00fcr Eichh\u00f6rnchen wurde wieder mit N\u00fcssen best\u00fcckt.<\/p>\n<p><img loading=\"lazy\" decoding=\"async\" class=\"alignnone wp-image-4931\" src=\"http:\/\/waldkindergarten-berglen.de\/wp-content\/uploads\/2018\/11\/Futterhaus-1-225x300.jpg\" alt=\"\" width=\"225\" height=\"300\" srcset=\"https:\/\/waldkindergarten-berglen.de\/wp-content\/uploads\/2018\/11\/Futterhaus-1-225x300.jpg 225w, https:\/\/waldkindergarten-berglen.de\/wp-content\/uploads\/2018\/11\/Futterhaus-1-768x1024.jpg 768w, https:\/\/waldkindergarten-berglen.de\/wp-content\/uploads\/2018\/11\/Futterhaus-1-1152x1536.jpg 1152w, https:\/\/waldkindergarten-berglen.de\/wp-content\/uploads\/2018\/11\/Futterhaus-1.jpg 1200w\" sizes=\"auto, (max-width: 225px) 100vw, 225px\" \/><\/p>\n<p><em>Wussten Sie schon?<\/em><\/p>\n<p>Dass Eichh\u00f6rnchen gerne Eicheln fressen ist ein Irrglaube &#8211; der Name des Eichh\u00f6rnchens r\u00fchrt auch nicht von der Eiche(l) her, sondern von &#8222;aig&#8220; &#8211; einem altdeutschen Wort f\u00fcr &#8222;flink&#8220;. Wer den possierlichen Nagern etwas Gutes tun m\u00f6chte, kann zum Beispiel Waln\u00fcsse, Haseln\u00fcsse, Bucheckern, Sonnenblumensamen, aber auch Rosinen, \u00c4pfel und Birnen anbieten.<\/p>\n","protected":false},"excerpt":{"rendered":"<p>In den letzten Wochen haben unsere Vorschulkinder, die im Wald F\u00fcchse genannt werden, die Geschichte von Wanja kennen gelernt. Die Kinder bekamen die Geschichte vorgelesen und spielten sie auch anhand von Filzpuppen nach: Wanja wohnt in seinem Haus am Waldesrand und als an einem bitterkalten Winterabend ein Sturm aufzieht, finden nach und nach Tiere des&hellip; <a href=\"https:\/\/waldkindergarten-berglen.de\/?p=4928\" class=\"more-link\">Weiterlesen <span class=\"screen-reader-text\">Es klopft bei Wanja in der Nacht<\/span><\/a><\/p>\n","protected":false},"author":6,"featured_media":0,"comment_status":"closed","ping_status":"closed","sticky":false,"template":"","format":"standard","meta":{"ngg_post_thumbnail":0,"_jetpack_memberships_contains_paid_content":false,"footnotes":""},"categories":[3],"tags":[],"class_list":["post-4928","post","type-post","status-publish","format-standard","hentry","category-berichte"],"jetpack_featured_media_url":"","jetpack_sharing_enabled":true,"_links":{"self":[{"href":"https:\/\/waldkindergarten-berglen.de\/index.php?rest_route=\/wp\/v2\/posts\/4928","targetHints":{"allow":["GET"]}}],"collection":[{"href":"https:\/\/waldkindergarten-berglen.de\/index.php?rest_route=\/wp\/v2\/posts"}],"about":[{"href":"https:\/\/waldkindergarten-berglen.de\/index.php?rest_route=\/wp\/v2\/types\/post"}],"author":[{"embeddable":true,"href":"https:\/\/waldkindergarten-berglen.de\/index.php?rest_route=\/wp\/v2\/users\/6"}],"replies":[{"embeddable":true,"href":"https:\/\/waldkindergarten-berglen.de\/index.php?rest_route=%2Fwp%2Fv2%2Fcomments&post=4928"}],"version-history":[{"count":0,"href":"https:\/\/waldkindergarten-berglen.de\/index.php?rest_route=\/wp\/v2\/posts\/4928\/revisions"}],"wp:attachment":[{"href":"https:\/\/waldkindergarten-berglen.de\/index.php?rest_route=%2Fwp%2Fv2%2Fmedia&parent=4928"}],"wp:term":[{"taxonomy":"category","embeddable":true,"href":"https:\/\/waldkindergarten-berglen.de\/index.php?rest_route=%2Fwp%2Fv2%2Fcategories&post=4928"},{"taxonomy":"post_tag","embeddable":true,"href":"https:\/\/waldkindergarten-berglen.de\/index.php?rest_route=%2Fwp%2Fv2%2Ftags&post=4928"}],"curies":[{"name":"wp","href":"https:\/\/api.w.org\/{rel}","templated":true}]}}